{"id":11238,"date":"2026-04-02T19:33:51","date_gmt":"2026-04-02T22:33:51","guid":{"rendered":"https:\/\/sanignacioconcepcion.cl\/sitio\/?p=11238"},"modified":"2026-04-05T20:43:44","modified_gmt":"2026-04-05T23:43:44","slug":"ultima-cena-con-educadores","status":"publish","type":"post","link":"http:\/\/sanignacioconcepcion.cl\/sitio\/ultima-cena-con-educadores\/","title":{"rendered":"\u00daltima cena con educadores"},"content":{"rendered":"<p>En un ambiente de profunda fraternidad, los educadores conmemoraron la Eucarist\u00eda de la \u00daltima Cena en un encuentro exclusivo para adultos. La jornada inici\u00f3 en el Patio de la Cruz con el significativo gesto del lavado de manos, un momento marcado por la emoci\u00f3n y abrazos sinceros. Tras este acto, los asistentes trasladaron la cruz hacia la capilla, simbolizando el camino compartido y la disposici\u00f3n del coraz\u00f3n hacia el servicio.<\/p>\n<p>En la capilla, los presentes se organizaron en grupos para compartir el pan y reflexionar sobre su misi\u00f3n escribiendo los dones que ofrecen a Jes\u00fas.<\/p>\n<p>La celebraci\u00f3n culmin\u00f3 con la lectura del poema \u00abMi cuerpo es comida\u00bb, del recordado sacerdote Esteban Gumucio, cuyas palabras reforzaron el sentido de la entrega generosa. Fue una instancia de recogimiento que renov\u00f3 el esp\u00edritu ignaciano de nuestra comunidad.<br \/>\n<a href=\"https:\/\/photos.app.goo.gl\/69H59ZDcomV5ZeTx6\">Ver fotos<\/a><\/p>\n","protected":false},"excerpt":{"rendered":"<p>En un ambiente de profunda fraternidad, los educadores conmemoraron la Eucarist\u00eda de la \u00daltima Cena en un encuentro exclusivo para adultos. La jornada inici\u00f3 en el Patio de la Cruz con el significativo gesto del lavado de manos, un momento marcado por la emoci\u00f3n y abrazos sinceros. Tras este acto, los asistentes trasladaron la cruz&hellip;<\/p>\n","protected":false},"author":1,"featured_media":11239,"comment_status":"closed","ping_status":"closed","sticky":false,"template":"","format":"standard","meta":[],"categories":[4],"tags":[],"_links":{"self":[{"href":"http:\/\/sanignacioconcepcion.cl\/sitio\/wp-json\/wp\/v2\/posts\/11238"}],"collection":[{"href":"http:\/\/sanignacioconcepcion.cl\/sitio\/wp-json\/wp\/v2\/posts"}],"about":[{"href":"http:\/\/sanignacioconcepcion.cl\/sitio\/wp-json\/wp\/v2\/types\/post"}],"author":[{"embeddable":true,"href":"http:\/\/sanignacioconcepcion.cl\/sitio\/wp-json\/wp\/v2\/users\/1"}],"replies":[{"embeddable":true,"href":"http:\/\/sanignacioconcepcion.cl\/sitio\/wp-json\/wp\/v2\/comments?post=11238"}],"version-history":[{"count":2,"href":"http:\/\/sanignacioconcepcion.cl\/sitio\/wp-json\/wp\/v2\/posts\/11238\/revisions"}],"predecessor-version":[{"id":11241,"href":"http:\/\/sanignacioconcepcion.cl\/sitio\/wp-json\/wp\/v2\/posts\/11238\/revisions\/11241"}],"wp:featuredmedia":[{"embeddable":true,"href":"http:\/\/sanignacioconcepcion.cl\/sitio\/wp-json\/wp\/v2\/media\/11239"}],"wp:attachment":[{"href":"http:\/\/sanignacioconcepcion.cl\/sitio\/wp-json\/wp\/v2\/media?parent=11238"}],"wp:term":[{"taxonomy":"category","embeddable":true,"href":"http:\/\/sanignacioconcepcion.cl\/sitio\/wp-json\/wp\/v2\/categories?post=11238"},{"taxonomy":"post_tag","embeddable":true,"href":"http:\/\/sanignacioconcepcion.cl\/sitio\/wp-json\/wp\/v2\/tags?post=11238"}],"curies":[{"name":"wp","href":"https:\/\/api.w.org\/{rel}","templated":true}]}}