{"id":11251,"date":"2026-04-06T15:48:47","date_gmt":"2026-04-06T18:48:47","guid":{"rendered":"https:\/\/sanignacioconcepcion.cl\/sitio\/?p=11251"},"modified":"2026-04-06T16:01:08","modified_gmt":"2026-04-06T19:01:08","slug":"cristo-jesus-resucito-su-amor-fue-mas-fuerte-que-la-muerte","status":"publish","type":"post","link":"http:\/\/sanignacioconcepcion.cl\/sitio\/cristo-jesus-resucito-su-amor-fue-mas-fuerte-que-la-muerte\/","title":{"rendered":"Eucarist\u00eda de pascua 5\u00b0 a 8\u00b0 b\u00e1sico. Cristo Jes\u00fas resucito, su amor fue mas fuerte que la muerte."},"content":{"rendered":"<p data-path-to-node=\"2\">En la ma\u00f1ana del d\u00eda lunes 6 de abril, los estudiantes de <b data-path-to-node=\"2\" data-index-in-node=\"32\">5.\u00ba a 8.\u00ba b\u00e1sico<\/b> vivieron con gran entusiasmo la <b data-path-to-node=\"2\" data-index-in-node=\"81\">Eucarist\u00eda de Pascua<\/b>. En un clima de oraci\u00f3n y fraternidad, los j\u00f3venes celebraron la Resurrecci\u00f3n de Jes\u00fas compartiendo mensajes de alegr\u00eda con sus compa\u00f1eros al iniciar esta semana.<\/p>\n<p data-path-to-node=\"3\">Como cierre de la actividad, el estudiantado dej\u00f3 su marca personal en un mural colectivo: utilizando sus <b data-path-to-node=\"3\" data-index-in-node=\"103\">huellas digitales<\/b>, los alumnos dieron vida a la frase <b data-path-to-node=\"3\" data-index-in-node=\"157\">\u00abCristo Jes\u00fas Resucit\u00f3\u00bb<\/b>. Este gesto simb\u00f3lico represent\u00f3 el compromiso de cada estudiante de ser testigo de la luz de Jes\u00fas. \u00a1Que hermosa forma de comenzar la semana! <a href=\"https:\/\/photos.app.goo.gl\/W6qEgsVwFej7dfU39\">Ver Fotos<\/a><\/p>\n","protected":false},"excerpt":{"rendered":"<p>En la ma\u00f1ana del d\u00eda lunes 6 de abril, los estudiantes de 5.\u00ba a 8.\u00ba b\u00e1sico vivieron con gran entusiasmo la Eucarist\u00eda de Pascua. En un clima de oraci\u00f3n y fraternidad, los j\u00f3venes celebraron la Resurrecci\u00f3n de Jes\u00fas compartiendo mensajes de alegr\u00eda con sus compa\u00f1eros al iniciar esta semana. Como cierre de la actividad, el&hellip;<\/p>\n","protected":false},"author":1,"featured_media":11253,"comment_status":"closed","ping_status":"closed","sticky":false,"template":"","format":"standard","meta":[],"categories":[4],"tags":[],"_links":{"self":[{"href":"http:\/\/sanignacioconcepcion.cl\/sitio\/wp-json\/wp\/v2\/posts\/11251"}],"collection":[{"href":"http:\/\/sanignacioconcepcion.cl\/sitio\/wp-json\/wp\/v2\/posts"}],"about":[{"href":"http:\/\/sanignacioconcepcion.cl\/sitio\/wp-json\/wp\/v2\/types\/post"}],"author":[{"embeddable":true,"href":"http:\/\/sanignacioconcepcion.cl\/sitio\/wp-json\/wp\/v2\/users\/1"}],"replies":[{"embeddable":true,"href":"http:\/\/sanignacioconcepcion.cl\/sitio\/wp-json\/wp\/v2\/comments?post=11251"}],"version-history":[{"count":6,"href":"http:\/\/sanignacioconcepcion.cl\/sitio\/wp-json\/wp\/v2\/posts\/11251\/revisions"}],"predecessor-version":[{"id":11259,"href":"http:\/\/sanignacioconcepcion.cl\/sitio\/wp-json\/wp\/v2\/posts\/11251\/revisions\/11259"}],"wp:featuredmedia":[{"embeddable":true,"href":"http:\/\/sanignacioconcepcion.cl\/sitio\/wp-json\/wp\/v2\/media\/11253"}],"wp:attachment":[{"href":"http:\/\/sanignacioconcepcion.cl\/sitio\/wp-json\/wp\/v2\/media?parent=11251"}],"wp:term":[{"taxonomy":"category","embeddable":true,"href":"http:\/\/sanignacioconcepcion.cl\/sitio\/wp-json\/wp\/v2\/categories?post=11251"},{"taxonomy":"post_tag","embeddable":true,"href":"http:\/\/sanignacioconcepcion.cl\/sitio\/wp-json\/wp\/v2\/tags?post=11251"}],"curies":[{"name":"wp","href":"https:\/\/api.w.org\/{rel}","templated":true}]}}