{"id":1126,"date":"2019-09-11T15:46:33","date_gmt":"2019-09-11T15:46:33","guid":{"rendered":"http:\/\/movilia.cl\/sanignacio\/?p=1126"},"modified":"2019-11-07T16:14:47","modified_gmt":"2019-11-07T16:14:47","slug":"ignacianos-destacan-en-encuentro-adicpa-de-atletismo","status":"publish","type":"post","link":"http:\/\/sanignacioconcepcion.cl\/sitio\/ignacianos-destacan-en-encuentro-adicpa-de-atletismo\/","title":{"rendered":"Ignacianos destacan en encuentro ADICPA de atletismo"},"content":{"rendered":"<p>El pasado 31 de agosto las categor\u00eda infantil, intermedia y selecci\u00f3n, vivieron una nueva etapa del torneo ADICPA de Atletismo. El encuentro se desarroll\u00f3 en las dependencias del Colegio Sagrados Corazones de Hualp\u00e9n donde se llev\u00f3 a cabo las pruebas de; salto largo, velocidad y lanzamiento, evento en el cual nuestra alumna, Constanza Raggio obtuvo el 3er Lugar Regional Marcha y el alumno Diego Delgado el 2do Lugar Salto Largo Regional.<\/p>\n<p>Es importante mencionar que esta etapa es preparatoria para la gran final que se desarrollar\u00e1 en noviembre.<\/p>\n<p>Compartimos fotograf\u00edas y felicitamos a nuestros atletas: <a href=\"https:\/\/photos.google.com\/share\/AF1QipNq0v2MAPQ2erWvaUcpcSoyN39VIIe777QzfX0yEBXnZP69mx2-qooJdpcgtZ1vjA?key=ZHRCU3RiQXZYRHE1S1dNYnhreDViVmlQb05NTndB\">ver fotos<\/a><\/p>\n<p>De igual manera, los invitamos a revisar las im\u00e1genes del Programa de TV Extra-escolar, del resumen de \u00e9ste (minuto 11) y otros encuentros: <a href=\"https:\/\/www.canal9.cl\/programas\/extra-escolar\/2019\/09\/06\/extra-escolar-viernes-6-de-septiembre.shtml\">https:\/\/www.canal9.cl\/programas\/extra-escolar\/2019\/09\/06\/extra-escolar-viernes-6-de-septiembre.shtml<\/a><\/p>\n<h2>Torneo ADICPA Penecas<\/h2>\n<p>El viernes 5 de septiembre, las dependencias del Colegio Arturo Prat de Talcahuano fue el punto de encuentro para el torneo ADICPA Penecas, donde estudiantes de nuestro colegio, de 3ro y 4to b\u00e1sico, vivieron una grata experiencia deportiva. Seg\u00fan se\u00f1ala su profesor, Cristian Fuentealba \u00abesta experiencia les entrega nuevas herramientas para desempe\u00f1arse de buena forma, de cara a los futuros torneos en los cuales participar\u00e1 nuestro colegio\u00bb.<\/p>\n<p>Este evento desarroll\u00f3 las pruebas de 60 mts vallas, salto largo, Lanzamiento de Pelotita, 60 mts Planos, 500 mts planos y relevos.<\/p>\n<p>Considerando que es un torneo de tipo formativo, nuestros atletas participaron de todas las pruebas, dando paso a la gran final ADICPA penecas que se realizar\u00e1 en noviembre.<\/p>\n<p>\u00a1Felicitamos a nuestros atletas por su esfuerzo y entusiasmo! <a href=\"https:\/\/photos.google.com\/share\/AF1QipMxm-IFWD6R8obUzy3MY9L4D7tbEMbOCQk4pYOJX_NxjT-YSo5AQ1uQAZjq3b3h2w?key=RnphbHB3UGREaVpCOHBndTJDT0V1RnN1THlwaG5n\">ver fotos<\/a><\/p>\n","protected":false},"excerpt":{"rendered":"<p>El pasado 31 de agosto las categor\u00eda infantil, intermedia y selecci\u00f3n, vivieron una nueva etapa del torneo ADICPA de Atletismo. El encuentro se desarroll\u00f3 en las dependencias del Colegio Sagrados Corazones de Hualp\u00e9n donde se llev\u00f3 a cabo las pruebas de; salto largo, velocidad y lanzamiento, evento en el cual nuestra alumna, Constanza Raggio obtuvo&hellip;<\/p>\n","protected":false},"author":1,"featured_media":1128,"comment_status":"closed","ping_status":"closed","sticky":false,"template":"","format":"standard","meta":[],"categories":[4],"tags":[],"_links":{"self":[{"href":"http:\/\/sanignacioconcepcion.cl\/sitio\/wp-json\/wp\/v2\/posts\/1126"}],"collection":[{"href":"http:\/\/sanignacioconcepcion.cl\/sitio\/wp-json\/wp\/v2\/posts"}],"about":[{"href":"http:\/\/sanignacioconcepcion.cl\/sitio\/wp-json\/wp\/v2\/types\/post"}],"author":[{"embeddable":true,"href":"http:\/\/sanignacioconcepcion.cl\/sitio\/wp-json\/wp\/v2\/users\/1"}],"replies":[{"embeddable":true,"href":"http:\/\/sanignacioconcepcion.cl\/sitio\/wp-json\/wp\/v2\/comments?post=1126"}],"version-history":[{"count":1,"href":"http:\/\/sanignacioconcepcion.cl\/sitio\/wp-json\/wp\/v2\/posts\/1126\/revisions"}],"predecessor-version":[{"id":1127,"href":"http:\/\/sanignacioconcepcion.cl\/sitio\/wp-json\/wp\/v2\/posts\/1126\/revisions\/1127"}],"wp:featuredmedia":[{"embeddable":true,"href":"http:\/\/sanignacioconcepcion.cl\/sitio\/wp-json\/wp\/v2\/media\/1128"}],"wp:attachment":[{"href":"http:\/\/sanignacioconcepcion.cl\/sitio\/wp-json\/wp\/v2\/media?parent=1126"}],"wp:term":[{"taxonomy":"category","embeddable":true,"href":"http:\/\/sanignacioconcepcion.cl\/sitio\/wp-json\/wp\/v2\/categories?post=1126"},{"taxonomy":"post_tag","embeddable":true,"href":"http:\/\/sanignacioconcepcion.cl\/sitio\/wp-json\/wp\/v2\/tags?post=1126"}],"curies":[{"name":"wp","href":"https:\/\/api.w.org\/{rel}","templated":true}]}}