{"id":11261,"date":"2026-04-07T13:57:06","date_gmt":"2026-04-07T16:57:06","guid":{"rendered":"https:\/\/sanignacioconcepcion.cl\/sitio\/?p=11261"},"modified":"2026-04-07T13:57:06","modified_gmt":"2026-04-07T16:57:06","slug":"dia-de-la-sensibilizacion-del-autismo","status":"publish","type":"post","link":"http:\/\/sanignacioconcepcion.cl\/sitio\/dia-de-la-sensibilizacion-del-autismo\/","title":{"rendered":"D\u00eda de la sensibilizaci\u00f3n del autismo"},"content":{"rendered":"<p>Hoy conmemoramos el D\u00eda de la Sensibilizaci\u00f3n del Autismo en el Patio de la Cruz. Durante el primer recreo, se instalaron puestos informativos y sensoriales donde los estudiantes conocieron de cerca la realidad de sus compa\u00f1eros con autismo. Las largas filas para participar demostraron el inter\u00e9s en las experiencias de aprendizaje, logrando una conexi\u00f3n genuina con la neurodiversidad.<\/p>\n<p>La jornada incluy\u00f3 un mural colaborativo donde los alumnos pegaron papeles pintados como s\u00edmbolo de apoyo y presencia. Esta actividad permiti\u00f3 que la ense\u00f1anza sobre la inclusi\u00f3n se diera de forma natural, entre conversaciones y juegos, fuera de la estructura curricular habitual. Fue una instancia donde la comunidad escolar reafirm\u00f3 su compromiso con un entorno m\u00e1s consciente. <a href=\"https:\/\/photos.app.goo.gl\/w1cWurfT5wyuAptV6\">Ver Fotos<\/a><\/p>\n","protected":false},"excerpt":{"rendered":"<p>Hoy conmemoramos el D\u00eda de la Sensibilizaci\u00f3n del Autismo en el Patio de la Cruz. Durante el primer recreo, se instalaron puestos informativos y sensoriales donde los estudiantes conocieron de cerca la realidad de sus compa\u00f1eros con autismo. Las largas filas para participar demostraron el inter\u00e9s en las experiencias de aprendizaje, logrando una conexi\u00f3n genuina&hellip;<\/p>\n","protected":false},"author":1,"featured_media":11262,"comment_status":"closed","ping_status":"closed","sticky":false,"template":"","format":"standard","meta":[],"categories":[4],"tags":[],"_links":{"self":[{"href":"http:\/\/sanignacioconcepcion.cl\/sitio\/wp-json\/wp\/v2\/posts\/11261"}],"collection":[{"href":"http:\/\/sanignacioconcepcion.cl\/sitio\/wp-json\/wp\/v2\/posts"}],"about":[{"href":"http:\/\/sanignacioconcepcion.cl\/sitio\/wp-json\/wp\/v2\/types\/post"}],"author":[{"embeddable":true,"href":"http:\/\/sanignacioconcepcion.cl\/sitio\/wp-json\/wp\/v2\/users\/1"}],"replies":[{"embeddable":true,"href":"http:\/\/sanignacioconcepcion.cl\/sitio\/wp-json\/wp\/v2\/comments?post=11261"}],"version-history":[{"count":1,"href":"http:\/\/sanignacioconcepcion.cl\/sitio\/wp-json\/wp\/v2\/posts\/11261\/revisions"}],"predecessor-version":[{"id":11263,"href":"http:\/\/sanignacioconcepcion.cl\/sitio\/wp-json\/wp\/v2\/posts\/11261\/revisions\/11263"}],"wp:featuredmedia":[{"embeddable":true,"href":"http:\/\/sanignacioconcepcion.cl\/sitio\/wp-json\/wp\/v2\/media\/11262"}],"wp:attachment":[{"href":"http:\/\/sanignacioconcepcion.cl\/sitio\/wp-json\/wp\/v2\/media?parent=11261"}],"wp:term":[{"taxonomy":"category","embeddable":true,"href":"http:\/\/sanignacioconcepcion.cl\/sitio\/wp-json\/wp\/v2\/categories?post=11261"},{"taxonomy":"post_tag","embeddable":true,"href":"http:\/\/sanignacioconcepcion.cl\/sitio\/wp-json\/wp\/v2\/tags?post=11261"}],"curies":[{"name":"wp","href":"https:\/\/api.w.org\/{rel}","templated":true}]}}