{"id":11266,"date":"2026-04-08T17:38:09","date_gmt":"2026-04-08T20:38:09","guid":{"rendered":"https:\/\/sanignacioconcepcion.cl\/sitio\/?p=11266"},"modified":"2026-04-08T17:38:09","modified_gmt":"2026-04-08T20:38:09","slug":"jornada-de-prevencion-de-abuso-sexual-y-promocion-de-ambientes-sanos-y-seguros","status":"publish","type":"post","link":"http:\/\/sanignacioconcepcion.cl\/sitio\/jornada-de-prevencion-de-abuso-sexual-y-promocion-de-ambientes-sanos-y-seguros\/","title":{"rendered":"Jornada de prevenci\u00f3n de abuso sexual y promoci\u00f3n de ambientes sanos y seguros."},"content":{"rendered":"<p>El pasado martes 7, el equipo de educadores particip\u00f3 en una jornada de prevenci\u00f3n de abuso sexual junto al expositor Alejandro Jord\u00e1n. Durante el encuentro, se analiz\u00f3 la normativa vigente y se profundizaron conceptos clave, como la distinci\u00f3n entre el c\u00f3digo de \u00e9tica y el de conducta. Asimismo, los grupos de trabajo reflexionaron sobre los comportamientos de riesgo y los supuestos que influyen en la convivencia escolar diaria.<\/p>\n<p>En este sentido, la jornada permiti\u00f3 traducir los aprendizajes en criterios concretos para la pr\u00e1ctica educativa, como la revisi\u00f3n de los protocolos y la identificaci\u00f3n oportuna de situaciones de alerta. Desde la educaci\u00f3n ignaciana, este trabajo orienta el uso de los reglamentos como herramientas de discernimiento y favorece la construcci\u00f3n de ambientes sanos y seguros. As\u00ed, se fortalece el compromiso institucional con el resguardo de los estudiantes, situando la prevenci\u00f3n como eje central de la labor formativa. <a href=\"https:\/\/photos.app.goo.gl\/De5fWgajetrPW5h69\">Ver Fotos<\/a><\/p>\n","protected":false},"excerpt":{"rendered":"<p>El pasado martes 7, el equipo de educadores particip\u00f3 en una jornada de prevenci\u00f3n de abuso sexual junto al expositor Alejandro Jord\u00e1n. Durante el encuentro, se analiz\u00f3 la normativa vigente y se profundizaron conceptos clave, como la distinci\u00f3n entre el c\u00f3digo de \u00e9tica y el de conducta. Asimismo, los grupos de trabajo reflexionaron sobre los&hellip;<\/p>\n","protected":false},"author":1,"featured_media":11271,"comment_status":"closed","ping_status":"closed","sticky":false,"template":"","format":"standard","meta":[],"categories":[4],"tags":[],"_links":{"self":[{"href":"http:\/\/sanignacioconcepcion.cl\/sitio\/wp-json\/wp\/v2\/posts\/11266"}],"collection":[{"href":"http:\/\/sanignacioconcepcion.cl\/sitio\/wp-json\/wp\/v2\/posts"}],"about":[{"href":"http:\/\/sanignacioconcepcion.cl\/sitio\/wp-json\/wp\/v2\/types\/post"}],"author":[{"embeddable":true,"href":"http:\/\/sanignacioconcepcion.cl\/sitio\/wp-json\/wp\/v2\/users\/1"}],"replies":[{"embeddable":true,"href":"http:\/\/sanignacioconcepcion.cl\/sitio\/wp-json\/wp\/v2\/comments?post=11266"}],"version-history":[{"count":2,"href":"http:\/\/sanignacioconcepcion.cl\/sitio\/wp-json\/wp\/v2\/posts\/11266\/revisions"}],"predecessor-version":[{"id":11272,"href":"http:\/\/sanignacioconcepcion.cl\/sitio\/wp-json\/wp\/v2\/posts\/11266\/revisions\/11272"}],"wp:featuredmedia":[{"embeddable":true,"href":"http:\/\/sanignacioconcepcion.cl\/sitio\/wp-json\/wp\/v2\/media\/11271"}],"wp:attachment":[{"href":"http:\/\/sanignacioconcepcion.cl\/sitio\/wp-json\/wp\/v2\/media?parent=11266"}],"wp:term":[{"taxonomy":"category","embeddable":true,"href":"http:\/\/sanignacioconcepcion.cl\/sitio\/wp-json\/wp\/v2\/categories?post=11266"},{"taxonomy":"post_tag","embeddable":true,"href":"http:\/\/sanignacioconcepcion.cl\/sitio\/wp-json\/wp\/v2\/tags?post=11266"}],"curies":[{"name":"wp","href":"https:\/\/api.w.org\/{rel}","templated":true}]}}