{"id":11327,"date":"2026-04-27T11:52:37","date_gmt":"2026-04-27T14:52:37","guid":{"rendered":"https:\/\/sanignacioconcepcion.cl\/sitio\/?p=11327"},"modified":"2026-04-27T11:52:53","modified_gmt":"2026-04-27T14:52:53","slug":"feria-literaria-el-peneca-y-la-difusion-de-la-literatura","status":"publish","type":"post","link":"http:\/\/sanignacioconcepcion.cl\/sitio\/feria-literaria-el-peneca-y-la-difusion-de-la-literatura\/","title":{"rendered":"Feria literaria \u00abEl peneca y la difusi\u00f3n de la literatura\u00bb"},"content":{"rendered":"<p data-path-to-node=\"0\">El pasado jueves 23 de abril, en el Gimnasio B se realiz\u00f3 la feria literaria \u00abEl Peneca y la difusi\u00f3n de la literatura\u00bb. El evento permiti\u00f3 rescatar el legado de esta emblem\u00e1tica revista chilena, la cual, desde su fundaci\u00f3n en 1908, fue pionera en democratizar el acceso a la cultura universal y la narrativa cl\u00e1sica para la infancia en nuestro pa\u00eds. Al explorar su historia, los alumnos fortalecieron su v\u00ednculo con las letras, consolidando el fomento lector como un pilar fundamental de nuestro proyecto educativo.<\/p>\n<p data-path-to-node=\"1\">La dedicaci\u00f3n de los alumnos fue fundamental para rendir un homenaje a este patrimonio editorial, demostrando compromiso y creatividad en sus presentaciones. Al revitalizar esta herencia cultural, el establecimiento fortalece el fomento lector y el sentido de pertenencia en toda la comunidad educativa. <a href=\"https:\/\/photos.app.goo.gl\/bs7NRSVujrAkwUK5A\">Ver Fotos.<\/a><\/p>\n","protected":false},"excerpt":{"rendered":"<p>El pasado jueves 23 de abril, en el Gimnasio B se realiz\u00f3 la feria literaria \u00abEl Peneca y la difusi\u00f3n de la literatura\u00bb. El evento permiti\u00f3 rescatar el legado de esta emblem\u00e1tica revista chilena, la cual, desde su fundaci\u00f3n en 1908, fue pionera en democratizar el acceso a la cultura universal y la narrativa cl\u00e1sica&hellip;<\/p>\n","protected":false},"author":1,"featured_media":11328,"comment_status":"closed","ping_status":"closed","sticky":false,"template":"","format":"standard","meta":[],"categories":[4],"tags":[],"_links":{"self":[{"href":"http:\/\/sanignacioconcepcion.cl\/sitio\/wp-json\/wp\/v2\/posts\/11327"}],"collection":[{"href":"http:\/\/sanignacioconcepcion.cl\/sitio\/wp-json\/wp\/v2\/posts"}],"about":[{"href":"http:\/\/sanignacioconcepcion.cl\/sitio\/wp-json\/wp\/v2\/types\/post"}],"author":[{"embeddable":true,"href":"http:\/\/sanignacioconcepcion.cl\/sitio\/wp-json\/wp\/v2\/users\/1"}],"replies":[{"embeddable":true,"href":"http:\/\/sanignacioconcepcion.cl\/sitio\/wp-json\/wp\/v2\/comments?post=11327"}],"version-history":[{"count":2,"href":"http:\/\/sanignacioconcepcion.cl\/sitio\/wp-json\/wp\/v2\/posts\/11327\/revisions"}],"predecessor-version":[{"id":11330,"href":"http:\/\/sanignacioconcepcion.cl\/sitio\/wp-json\/wp\/v2\/posts\/11327\/revisions\/11330"}],"wp:featuredmedia":[{"embeddable":true,"href":"http:\/\/sanignacioconcepcion.cl\/sitio\/wp-json\/wp\/v2\/media\/11328"}],"wp:attachment":[{"href":"http:\/\/sanignacioconcepcion.cl\/sitio\/wp-json\/wp\/v2\/media?parent=11327"}],"wp:term":[{"taxonomy":"category","embeddable":true,"href":"http:\/\/sanignacioconcepcion.cl\/sitio\/wp-json\/wp\/v2\/categories?post=11327"},{"taxonomy":"post_tag","embeddable":true,"href":"http:\/\/sanignacioconcepcion.cl\/sitio\/wp-json\/wp\/v2\/tags?post=11327"}],"curies":[{"name":"wp","href":"https:\/\/api.w.org\/{rel}","templated":true}]}}