{"id":11331,"date":"2026-04-27T12:21:44","date_gmt":"2026-04-27T15:21:44","guid":{"rendered":"https:\/\/sanignacioconcepcion.cl\/sitio\/?p=11331"},"modified":"2026-04-27T12:26:43","modified_gmt":"2026-04-27T15:26:43","slug":"acto-literario-ciclo-manresa-y-bienvenida-de-la-manana","status":"publish","type":"post","link":"http:\/\/sanignacioconcepcion.cl\/sitio\/acto-literario-ciclo-manresa-y-bienvenida-de-la-manana\/","title":{"rendered":"Acto Literario ciclo Manresa y bienvenida de la ma\u00f1ana"},"content":{"rendered":"<p data-path-to-node=\"0\">El pasado jueves 23 de abril, el Ciclo Manresa conmemor\u00f3 el D\u00eda del Libro con una recepci\u00f3n organizada por los centros de alumnos Roma y Manresa. Los estudiantes fueron recibidos con marcadores de p\u00e1ginas y fotograf\u00edas, iniciando la jornada en un ambiente de convivencia y promoci\u00f3n literaria. Esta acci\u00f3n conjunta permiti\u00f3 integrar a la comunidad educativa en torno al valor de la lectura desde las primeras horas de la ma\u00f1ana.<\/p>\n<p data-path-to-node=\"1\">Posteriormente, en el acto del ciclo, los alumnos presentaron disfraces de destacados escritores y pintores, realizando lecturas de poemas y describiendo las caracter\u00edsticas de sus personajes. Esta instancia permiti\u00f3 a los estudiantes demostrar su creatividad y conocimientos culturales ante sus compa\u00f1eros de nivel. La actividad reafirm\u00f3 nuestro compromiso con una formaci\u00f3n integral, consolidando el fomento lector en un ambiente de mayor familia y comunidad. <a href=\"https:\/\/photos.app.goo.gl\/Cgr84dyYeJogCiXSA\">Ver Fotos<\/a><\/p>\n","protected":false},"excerpt":{"rendered":"<p>El pasado jueves 23 de abril, el Ciclo Manresa conmemor\u00f3 el D\u00eda del Libro con una recepci\u00f3n organizada por los centros de alumnos Roma y Manresa. Los estudiantes fueron recibidos con marcadores de p\u00e1ginas y fotograf\u00edas, iniciando la jornada en un ambiente de convivencia y promoci\u00f3n literaria. Esta acci\u00f3n conjunta permiti\u00f3 integrar a la comunidad&hellip;<\/p>\n","protected":false},"author":1,"featured_media":11332,"comment_status":"closed","ping_status":"closed","sticky":false,"template":"","format":"standard","meta":[],"categories":[4],"tags":[],"_links":{"self":[{"href":"http:\/\/sanignacioconcepcion.cl\/sitio\/wp-json\/wp\/v2\/posts\/11331"}],"collection":[{"href":"http:\/\/sanignacioconcepcion.cl\/sitio\/wp-json\/wp\/v2\/posts"}],"about":[{"href":"http:\/\/sanignacioconcepcion.cl\/sitio\/wp-json\/wp\/v2\/types\/post"}],"author":[{"embeddable":true,"href":"http:\/\/sanignacioconcepcion.cl\/sitio\/wp-json\/wp\/v2\/users\/1"}],"replies":[{"embeddable":true,"href":"http:\/\/sanignacioconcepcion.cl\/sitio\/wp-json\/wp\/v2\/comments?post=11331"}],"version-history":[{"count":1,"href":"http:\/\/sanignacioconcepcion.cl\/sitio\/wp-json\/wp\/v2\/posts\/11331\/revisions"}],"predecessor-version":[{"id":11333,"href":"http:\/\/sanignacioconcepcion.cl\/sitio\/wp-json\/wp\/v2\/posts\/11331\/revisions\/11333"}],"wp:featuredmedia":[{"embeddable":true,"href":"http:\/\/sanignacioconcepcion.cl\/sitio\/wp-json\/wp\/v2\/media\/11332"}],"wp:attachment":[{"href":"http:\/\/sanignacioconcepcion.cl\/sitio\/wp-json\/wp\/v2\/media?parent=11331"}],"wp:term":[{"taxonomy":"category","embeddable":true,"href":"http:\/\/sanignacioconcepcion.cl\/sitio\/wp-json\/wp\/v2\/categories?post=11331"},{"taxonomy":"post_tag","embeddable":true,"href":"http:\/\/sanignacioconcepcion.cl\/sitio\/wp-json\/wp\/v2\/tags?post=11331"}],"curies":[{"name":"wp","href":"https:\/\/api.w.org\/{rel}","templated":true}]}}