{"id":11334,"date":"2026-04-27T14:09:16","date_gmt":"2026-04-27T17:09:16","guid":{"rendered":"https:\/\/sanignacioconcepcion.cl\/sitio\/?p=11334"},"modified":"2026-04-27T14:09:16","modified_gmt":"2026-04-27T17:09:16","slug":"dia-del-libro-ciclo-loyola","status":"publish","type":"post","link":"http:\/\/sanignacioconcepcion.cl\/sitio\/dia-del-libro-ciclo-loyola\/","title":{"rendered":"D\u00eda del libro, ciclo Loyola"},"content":{"rendered":"<p>El pasado viernes 24 de abril, el Ciclo Loyola alegr\u00f3 a la comunidad educativa con una jornada de disfraces y diversas actividades pedag\u00f3gicas realizadas en sus salas de clases. Esta celebraci\u00f3n fue el cierre de una semana dedicada al fomento lector, en la cual los estudiantes participaron de la iniciativa Familias Narradoras, instancia donde las apoderadas asistieron al colegio caracterizadas para relatar cuentos a los ni\u00f1os y ni\u00f1as. La actividad permiti\u00f3 fortalecer el v\u00ednculo entre el hogar y el establecimiento, promoviendo el aprendizaje en un ambiente de mayor familia y comunidad. <a href=\"https:\/\/photos.app.goo.gl\/3qQt7mE9zGKKjo9DA\">Ver Fotos<\/a><\/p>\n","protected":false},"excerpt":{"rendered":"<p>El pasado viernes 24 de abril, el Ciclo Loyola alegr\u00f3 a la comunidad educativa con una jornada de disfraces y diversas actividades pedag\u00f3gicas realizadas en sus salas de clases. Esta celebraci\u00f3n fue el cierre de una semana dedicada al fomento lector, en la cual los estudiantes participaron de la iniciativa Familias Narradoras, instancia donde las&hellip;<\/p>\n","protected":false},"author":1,"featured_media":11335,"comment_status":"closed","ping_status":"closed","sticky":false,"template":"","format":"standard","meta":[],"categories":[4],"tags":[],"_links":{"self":[{"href":"http:\/\/sanignacioconcepcion.cl\/sitio\/wp-json\/wp\/v2\/posts\/11334"}],"collection":[{"href":"http:\/\/sanignacioconcepcion.cl\/sitio\/wp-json\/wp\/v2\/posts"}],"about":[{"href":"http:\/\/sanignacioconcepcion.cl\/sitio\/wp-json\/wp\/v2\/types\/post"}],"author":[{"embeddable":true,"href":"http:\/\/sanignacioconcepcion.cl\/sitio\/wp-json\/wp\/v2\/users\/1"}],"replies":[{"embeddable":true,"href":"http:\/\/sanignacioconcepcion.cl\/sitio\/wp-json\/wp\/v2\/comments?post=11334"}],"version-history":[{"count":1,"href":"http:\/\/sanignacioconcepcion.cl\/sitio\/wp-json\/wp\/v2\/posts\/11334\/revisions"}],"predecessor-version":[{"id":11336,"href":"http:\/\/sanignacioconcepcion.cl\/sitio\/wp-json\/wp\/v2\/posts\/11334\/revisions\/11336"}],"wp:featuredmedia":[{"embeddable":true,"href":"http:\/\/sanignacioconcepcion.cl\/sitio\/wp-json\/wp\/v2\/media\/11335"}],"wp:attachment":[{"href":"http:\/\/sanignacioconcepcion.cl\/sitio\/wp-json\/wp\/v2\/media?parent=11334"}],"wp:term":[{"taxonomy":"category","embeddable":true,"href":"http:\/\/sanignacioconcepcion.cl\/sitio\/wp-json\/wp\/v2\/categories?post=11334"},{"taxonomy":"post_tag","embeddable":true,"href":"http:\/\/sanignacioconcepcion.cl\/sitio\/wp-json\/wp\/v2\/tags?post=11334"}],"curies":[{"name":"wp","href":"https:\/\/api.w.org\/{rel}","templated":true}]}}