{"id":11344,"date":"2026-04-29T12:34:47","date_gmt":"2026-04-29T15:34:47","guid":{"rendered":"https:\/\/sanignacioconcepcion.cl\/sitio\/?p=11344"},"modified":"2026-04-29T12:34:47","modified_gmt":"2026-04-29T15:34:47","slug":"feria-de-intercambio-y-venta-de-libros","status":"publish","type":"post","link":"http:\/\/sanignacioconcepcion.cl\/sitio\/feria-de-intercambio-y-venta-de-libros\/","title":{"rendered":"Feria de intercambio y venta de libros"},"content":{"rendered":"<p data-path-to-node=\"0\">La Feria de Intercambio y Venta de Libros se llev\u00f3 a cabo el viernes 24 de abril en el Patio de la Cruz, en el marco del Mes del Libro. Esta actividad se desarroll\u00f3 durante los recreos, consolid\u00e1ndose como un divertido espacio de esparcimiento l\u00fadico y no curricular.<\/p>\n<p data-path-to-node=\"1\">Las ni\u00f1as y ni\u00f1os fueron los protagonistas indiscutidos de la jornada, instalando y ambientando creativamente sus propios puestos literarios. Este esfuerzo tuvo una gran recompensa, ya que la presentaci\u00f3n m\u00e1s destacada logr\u00f3 sumar 2000 puntos para su respectiva alianza. La instancia permiti\u00f3 renovar lecturas y compartir enriquecedoras experiencias de aprendizaje. <a href=\"https:\/\/photos.app.goo.gl\/DkzPZdGvtZg9RrEcA\">Ver Fotos.<\/a><\/p>\n","protected":false},"excerpt":{"rendered":"<p>La Feria de Intercambio y Venta de Libros se llev\u00f3 a cabo el viernes 24 de abril en el Patio de la Cruz, en el marco del Mes del Libro. Esta actividad se desarroll\u00f3 durante los recreos, consolid\u00e1ndose como un divertido espacio de esparcimiento l\u00fadico y no curricular. Las ni\u00f1as y ni\u00f1os fueron los protagonistas&hellip;<\/p>\n","protected":false},"author":1,"featured_media":11345,"comment_status":"closed","ping_status":"closed","sticky":false,"template":"","format":"standard","meta":[],"categories":[4],"tags":[],"_links":{"self":[{"href":"http:\/\/sanignacioconcepcion.cl\/sitio\/wp-json\/wp\/v2\/posts\/11344"}],"collection":[{"href":"http:\/\/sanignacioconcepcion.cl\/sitio\/wp-json\/wp\/v2\/posts"}],"about":[{"href":"http:\/\/sanignacioconcepcion.cl\/sitio\/wp-json\/wp\/v2\/types\/post"}],"author":[{"embeddable":true,"href":"http:\/\/sanignacioconcepcion.cl\/sitio\/wp-json\/wp\/v2\/users\/1"}],"replies":[{"embeddable":true,"href":"http:\/\/sanignacioconcepcion.cl\/sitio\/wp-json\/wp\/v2\/comments?post=11344"}],"version-history":[{"count":1,"href":"http:\/\/sanignacioconcepcion.cl\/sitio\/wp-json\/wp\/v2\/posts\/11344\/revisions"}],"predecessor-version":[{"id":11346,"href":"http:\/\/sanignacioconcepcion.cl\/sitio\/wp-json\/wp\/v2\/posts\/11344\/revisions\/11346"}],"wp:featuredmedia":[{"embeddable":true,"href":"http:\/\/sanignacioconcepcion.cl\/sitio\/wp-json\/wp\/v2\/media\/11345"}],"wp:attachment":[{"href":"http:\/\/sanignacioconcepcion.cl\/sitio\/wp-json\/wp\/v2\/media?parent=11344"}],"wp:term":[{"taxonomy":"category","embeddable":true,"href":"http:\/\/sanignacioconcepcion.cl\/sitio\/wp-json\/wp\/v2\/categories?post=11344"},{"taxonomy":"post_tag","embeddable":true,"href":"http:\/\/sanignacioconcepcion.cl\/sitio\/wp-json\/wp\/v2\/tags?post=11344"}],"curies":[{"name":"wp","href":"https:\/\/api.w.org\/{rel}","templated":true}]}}