{"id":11349,"date":"2026-04-29T16:55:38","date_gmt":"2026-04-29T19:55:38","guid":{"rendered":"https:\/\/sanignacioconcepcion.cl\/sitio\/?p=11349"},"modified":"2026-04-29T16:55:38","modified_gmt":"2026-04-29T19:55:38","slug":"encuentro-con-cristo-segundos-medios","status":"publish","type":"post","link":"http:\/\/sanignacioconcepcion.cl\/sitio\/encuentro-con-cristo-segundos-medios\/","title":{"rendered":"Encuentro con Cristo, segundos medios"},"content":{"rendered":"<p data-path-to-node=\"0\">Los estudiantes de segundo medio vivieron recientemente su tradicional Encuentro con Cristo, una instancia dedicada al fortalecimiento de los valores ignacianos y el sentido de pertenencia. Durante esta jornada, los j\u00f3venes reflexionaron sobre el amor integral y su capacidad de actuar como agentes de paz dentro de nuestra comunidad educativa.<\/p>\n<p data-path-to-node=\"1\">Esta actividad permiti\u00f3 estrechar v\u00ednculos entre los cursos, promoviendo el respeto frente a los desaf\u00edos de la sociedad actual. Al reconocerse como personas amadas, nuestros alumnos reafirmaron su compromiso con una convivencia escolar armoniosa, guiada siempre por la identidad y las profundas ense\u00f1anzas de San Ignacio.<\/p>\n","protected":false},"excerpt":{"rendered":"<p>Los estudiantes de segundo medio vivieron recientemente su tradicional Encuentro con Cristo, una instancia dedicada al fortalecimiento de los valores ignacianos y el sentido de pertenencia. Durante esta jornada, los j\u00f3venes reflexionaron sobre el amor integral y su capacidad de actuar como agentes de paz dentro de nuestra comunidad educativa. Esta actividad permiti\u00f3 estrechar v\u00ednculos&hellip;<\/p>\n","protected":false},"author":1,"featured_media":11350,"comment_status":"closed","ping_status":"closed","sticky":false,"template":"","format":"standard","meta":[],"categories":[4],"tags":[],"_links":{"self":[{"href":"http:\/\/sanignacioconcepcion.cl\/sitio\/wp-json\/wp\/v2\/posts\/11349"}],"collection":[{"href":"http:\/\/sanignacioconcepcion.cl\/sitio\/wp-json\/wp\/v2\/posts"}],"about":[{"href":"http:\/\/sanignacioconcepcion.cl\/sitio\/wp-json\/wp\/v2\/types\/post"}],"author":[{"embeddable":true,"href":"http:\/\/sanignacioconcepcion.cl\/sitio\/wp-json\/wp\/v2\/users\/1"}],"replies":[{"embeddable":true,"href":"http:\/\/sanignacioconcepcion.cl\/sitio\/wp-json\/wp\/v2\/comments?post=11349"}],"version-history":[{"count":1,"href":"http:\/\/sanignacioconcepcion.cl\/sitio\/wp-json\/wp\/v2\/posts\/11349\/revisions"}],"predecessor-version":[{"id":11351,"href":"http:\/\/sanignacioconcepcion.cl\/sitio\/wp-json\/wp\/v2\/posts\/11349\/revisions\/11351"}],"wp:featuredmedia":[{"embeddable":true,"href":"http:\/\/sanignacioconcepcion.cl\/sitio\/wp-json\/wp\/v2\/media\/11350"}],"wp:attachment":[{"href":"http:\/\/sanignacioconcepcion.cl\/sitio\/wp-json\/wp\/v2\/media?parent=11349"}],"wp:term":[{"taxonomy":"category","embeddable":true,"href":"http:\/\/sanignacioconcepcion.cl\/sitio\/wp-json\/wp\/v2\/categories?post=11349"},{"taxonomy":"post_tag","embeddable":true,"href":"http:\/\/sanignacioconcepcion.cl\/sitio\/wp-json\/wp\/v2\/tags?post=11349"}],"curies":[{"name":"wp","href":"https:\/\/api.w.org\/{rel}","templated":true}]}}