{"id":11354,"date":"2026-04-30T13:05:33","date_gmt":"2026-04-30T16:05:33","guid":{"rendered":"https:\/\/sanignacioconcepcion.cl\/sitio\/?p=11354"},"modified":"2026-04-30T13:05:33","modified_gmt":"2026-04-30T16:05:33","slug":"primer-dia-de-mej-movimiento-eucaristico-juvenil","status":"publish","type":"post","link":"http:\/\/sanignacioconcepcion.cl\/sitio\/primer-dia-de-mej-movimiento-eucaristico-juvenil\/","title":{"rendered":"Primer d\u00eda de MEJ. Movimiento Eucar\u00edstico Juvenil"},"content":{"rendered":"<p data-path-to-node=\"1\">Con alegr\u00eda, recibimos a 75 estudiantes en el inicio del Movimiento Eucar\u00edstico Juvenil. En esta bienvenida, destacamos la masiva asistencia de alumnos de Primero y Segundo B\u00e1sico, quienes conocieron a sus monitores y compartieron sus expectativas sobre lo que significa integrarse a esta comunidad escolar.<\/p>\n<p data-path-to-node=\"2\">Durante la jornada, los grupos trabajaron por etapas para profundizar en la identidad del MEJ. El encuentro concluy\u00f3 con una explicaci\u00f3n sobre el plenario y una oraci\u00f3n grupal, cerrando con \u00e9xito una instancia marcada por el entusiasmo y el compromiso de cada uno de los nuevos integrantes. <a href=\"https:\/\/photos.app.goo.gl\/iCr2y3YJEqw2eYFV7\">Ver Fotos<\/a><\/p>\n","protected":false},"excerpt":{"rendered":"<p>Con alegr\u00eda, recibimos a 75 estudiantes en el inicio del Movimiento Eucar\u00edstico Juvenil. En esta bienvenida, destacamos la masiva asistencia de alumnos de Primero y Segundo B\u00e1sico, quienes conocieron a sus monitores y compartieron sus expectativas sobre lo que significa integrarse a esta comunidad escolar. Durante la jornada, los grupos trabajaron por etapas para profundizar&hellip;<\/p>\n","protected":false},"author":1,"featured_media":11355,"comment_status":"closed","ping_status":"closed","sticky":false,"template":"","format":"standard","meta":[],"categories":[4],"tags":[],"_links":{"self":[{"href":"http:\/\/sanignacioconcepcion.cl\/sitio\/wp-json\/wp\/v2\/posts\/11354"}],"collection":[{"href":"http:\/\/sanignacioconcepcion.cl\/sitio\/wp-json\/wp\/v2\/posts"}],"about":[{"href":"http:\/\/sanignacioconcepcion.cl\/sitio\/wp-json\/wp\/v2\/types\/post"}],"author":[{"embeddable":true,"href":"http:\/\/sanignacioconcepcion.cl\/sitio\/wp-json\/wp\/v2\/users\/1"}],"replies":[{"embeddable":true,"href":"http:\/\/sanignacioconcepcion.cl\/sitio\/wp-json\/wp\/v2\/comments?post=11354"}],"version-history":[{"count":2,"href":"http:\/\/sanignacioconcepcion.cl\/sitio\/wp-json\/wp\/v2\/posts\/11354\/revisions"}],"predecessor-version":[{"id":11357,"href":"http:\/\/sanignacioconcepcion.cl\/sitio\/wp-json\/wp\/v2\/posts\/11354\/revisions\/11357"}],"wp:featuredmedia":[{"embeddable":true,"href":"http:\/\/sanignacioconcepcion.cl\/sitio\/wp-json\/wp\/v2\/media\/11355"}],"wp:attachment":[{"href":"http:\/\/sanignacioconcepcion.cl\/sitio\/wp-json\/wp\/v2\/media?parent=11354"}],"wp:term":[{"taxonomy":"category","embeddable":true,"href":"http:\/\/sanignacioconcepcion.cl\/sitio\/wp-json\/wp\/v2\/categories?post=11354"},{"taxonomy":"post_tag","embeddable":true,"href":"http:\/\/sanignacioconcepcion.cl\/sitio\/wp-json\/wp\/v2\/tags?post=11354"}],"curies":[{"name":"wp","href":"https:\/\/api.w.org\/{rel}","templated":true}]}}