{"id":11358,"date":"2026-04-30T14:18:39","date_gmt":"2026-04-30T17:18:39","guid":{"rendered":"https:\/\/sanignacioconcepcion.cl\/sitio\/?p=11358"},"modified":"2026-04-30T14:18:39","modified_gmt":"2026-04-30T17:18:39","slug":"competencia-de-decoracion-de-salas","status":"publish","type":"post","link":"http:\/\/sanignacioconcepcion.cl\/sitio\/competencia-de-decoracion-de-salas\/","title":{"rendered":"Competencia de decoraci\u00f3n de salas"},"content":{"rendered":"<p data-path-to-node=\"1\">El pasado viernes 24, los estudiantes desde s\u00e9ptimo b\u00e1sico hasta cuarto medio transformaron sus salas en diversos mundos literarios. La actividad destac\u00f3 por el nivel de detalle y la creatividad, especialmente entre los cuartos medios, quienes sorprendieron con experiencias de teatro inmersivo y una atenci\u00f3n de \u00e9lite que logr\u00f3 transportar a quienes participaron a trav\u00e9s de sus historias.<\/p>\n<p data-path-to-node=\"2\">Fue una muestra de trabajo en equipo donde la dedicaci\u00f3n de cada curso se not\u00f3 en cada rinc\u00f3n. Felicitamos cordialmente a los cursos ganadores por su esfuerzo y talento demostrado durante esta semana del libro. Agradecemos a todos los estudiantes por su compromiso en la creaci\u00f3n de estos espacios que fomentan la cultura y la lectura dentro de nuestra instituci\u00f3n.<\/p>\n","protected":false},"excerpt":{"rendered":"<p>El pasado viernes 24, los estudiantes desde s\u00e9ptimo b\u00e1sico hasta cuarto medio transformaron sus salas en diversos mundos literarios. La actividad destac\u00f3 por el nivel de detalle y la creatividad, especialmente entre los cuartos medios, quienes sorprendieron con experiencias de teatro inmersivo y una atenci\u00f3n de \u00e9lite que logr\u00f3 transportar a quienes participaron a trav\u00e9s&hellip;<\/p>\n","protected":false},"author":1,"featured_media":11359,"comment_status":"closed","ping_status":"closed","sticky":false,"template":"","format":"standard","meta":[],"categories":[4],"tags":[],"_links":{"self":[{"href":"http:\/\/sanignacioconcepcion.cl\/sitio\/wp-json\/wp\/v2\/posts\/11358"}],"collection":[{"href":"http:\/\/sanignacioconcepcion.cl\/sitio\/wp-json\/wp\/v2\/posts"}],"about":[{"href":"http:\/\/sanignacioconcepcion.cl\/sitio\/wp-json\/wp\/v2\/types\/post"}],"author":[{"embeddable":true,"href":"http:\/\/sanignacioconcepcion.cl\/sitio\/wp-json\/wp\/v2\/users\/1"}],"replies":[{"embeddable":true,"href":"http:\/\/sanignacioconcepcion.cl\/sitio\/wp-json\/wp\/v2\/comments?post=11358"}],"version-history":[{"count":1,"href":"http:\/\/sanignacioconcepcion.cl\/sitio\/wp-json\/wp\/v2\/posts\/11358\/revisions"}],"predecessor-version":[{"id":11360,"href":"http:\/\/sanignacioconcepcion.cl\/sitio\/wp-json\/wp\/v2\/posts\/11358\/revisions\/11360"}],"wp:featuredmedia":[{"embeddable":true,"href":"http:\/\/sanignacioconcepcion.cl\/sitio\/wp-json\/wp\/v2\/media\/11359"}],"wp:attachment":[{"href":"http:\/\/sanignacioconcepcion.cl\/sitio\/wp-json\/wp\/v2\/media?parent=11358"}],"wp:term":[{"taxonomy":"category","embeddable":true,"href":"http:\/\/sanignacioconcepcion.cl\/sitio\/wp-json\/wp\/v2\/categories?post=11358"},{"taxonomy":"post_tag","embeddable":true,"href":"http:\/\/sanignacioconcepcion.cl\/sitio\/wp-json\/wp\/v2\/tags?post=11358"}],"curies":[{"name":"wp","href":"https:\/\/api.w.org\/{rel}","templated":true}]}}