{"id":11361,"date":"2026-04-30T17:21:44","date_gmt":"2026-04-30T20:21:44","guid":{"rendered":"https:\/\/sanignacioconcepcion.cl\/sitio\/?p=11361"},"modified":"2026-04-30T17:21:44","modified_gmt":"2026-04-30T20:21:44","slug":"desayuno-y-encuentro-de-exalumnos-destacados-en-la-paes","status":"publish","type":"post","link":"http:\/\/sanignacioconcepcion.cl\/sitio\/desayuno-y-encuentro-de-exalumnos-destacados-en-la-paes\/","title":{"rendered":"Desayuno y encuentro de exalumnos destacados en la PAES"},"content":{"rendered":"<p data-path-to-node=\"1\">Con mucha alegr\u00eda, abrimos las puertas de nuestro colegio para recibir a los estudiantes destacados en la PAES con un desayuno en el casino de los educadores, donde compartieron junto a directivos y jefes de departamento. Durante la jornada, la directora del colegio, el director acad\u00e9mico y la directora del ciclo roma dedicaron palabras de orgullo por los logros obtenidos, invitando luego a los j\u00f3venes a conversar con los alumnos de IV medio. En este espacio, los egresados compartieron sus experiencias sobre las herramientas entregadas por la instituci\u00f3n, sus estrategias de estudio, el manejo del estr\u00e9s y los criterios para su ingreso a la universidad.<\/p>\n<p data-path-to-node=\"2\">Tras concluir el di\u00e1logo, se realiz\u00f3 la entrega de un diploma de reconocimiento para distinguir formalmente la excelencia acad\u00e9mica alcanzada por cada uno de ellos.<\/p>\n<p data-path-to-node=\"2\">Nuestra comunidad educativa manifiesta su m\u00e1s profundo orgullo, gratitud y reconocimiento hacia Vicente Acu\u00f1a Segovia, Agust\u00edn Aguilera Verdugo, Victoria Araneda Jim\u00e9nez, Gabriel Castro Rodr\u00edguez, Crist\u00f3bal Cifuentes Cruces, Mateo Concha Villagr\u00e1n, Benjam\u00edn Decarli Mu\u00f1oz, Alejandra G\u00f3mez Belmar, Zacar\u00edas Gonz\u00e1lez Alarc\u00f3n, Alonso Gonz\u00e1lez Ochoa, Rodrigo Guti\u00e9rrez Zuchel, Diego Hermosilla Mieres, Melissa Hidalgo Alarc\u00f3n, Vicente Lavoz Vilches, Daniel Mart\u00ednez Orellana, Mauro Mu\u00f1oz Sanfuentes, Maira Pardo Navarrete, Minerva Pinto Castillo, Felipe R\u00edos Dib, Nicol\u00e1s Riquelme Isla, Mart\u00edn S\u00e1nchez Z\u00fa\u00f1iga, Mart\u00edn Torres Ram\u00edrez, Alonso Ulloa Peralta, Tom\u00e1s Uribe Pino, Gustavo Valenzuela Henr\u00edquez, Mois\u00e9s Vera Merino e Iv\u00e1n Vera Terraza. <a href=\"https:\/\/photos.app.goo.gl\/QfGgYKevDpRu4siR7\">Ver Fotos<\/a><\/p>\n","protected":false},"excerpt":{"rendered":"<p>Con mucha alegr\u00eda, abrimos las puertas de nuestro colegio para recibir a los estudiantes destacados en la PAES con un desayuno en el casino de los educadores, donde compartieron junto a directivos y jefes de departamento. Durante la jornada, la directora del colegio, el director acad\u00e9mico y la directora del ciclo roma dedicaron palabras de&hellip;<\/p>\n","protected":false},"author":1,"featured_media":11362,"comment_status":"closed","ping_status":"closed","sticky":false,"template":"","format":"standard","meta":[],"categories":[4],"tags":[],"_links":{"self":[{"href":"http:\/\/sanignacioconcepcion.cl\/sitio\/wp-json\/wp\/v2\/posts\/11361"}],"collection":[{"href":"http:\/\/sanignacioconcepcion.cl\/sitio\/wp-json\/wp\/v2\/posts"}],"about":[{"href":"http:\/\/sanignacioconcepcion.cl\/sitio\/wp-json\/wp\/v2\/types\/post"}],"author":[{"embeddable":true,"href":"http:\/\/sanignacioconcepcion.cl\/sitio\/wp-json\/wp\/v2\/users\/1"}],"replies":[{"embeddable":true,"href":"http:\/\/sanignacioconcepcion.cl\/sitio\/wp-json\/wp\/v2\/comments?post=11361"}],"version-history":[{"count":1,"href":"http:\/\/sanignacioconcepcion.cl\/sitio\/wp-json\/wp\/v2\/posts\/11361\/revisions"}],"predecessor-version":[{"id":11363,"href":"http:\/\/sanignacioconcepcion.cl\/sitio\/wp-json\/wp\/v2\/posts\/11361\/revisions\/11363"}],"wp:featuredmedia":[{"embeddable":true,"href":"http:\/\/sanignacioconcepcion.cl\/sitio\/wp-json\/wp\/v2\/media\/11362"}],"wp:attachment":[{"href":"http:\/\/sanignacioconcepcion.cl\/sitio\/wp-json\/wp\/v2\/media?parent=11361"}],"wp:term":[{"taxonomy":"category","embeddable":true,"href":"http:\/\/sanignacioconcepcion.cl\/sitio\/wp-json\/wp\/v2\/categories?post=11361"},{"taxonomy":"post_tag","embeddable":true,"href":"http:\/\/sanignacioconcepcion.cl\/sitio\/wp-json\/wp\/v2\/tags?post=11361"}],"curies":[{"name":"wp","href":"https:\/\/api.w.org\/{rel}","templated":true}]}}