{"id":11762,"date":"2026-08-31T14:35:59","date_gmt":"2026-08-31T17:35:59","guid":{"rendered":"https:\/\/sanignacioconcepcion.cl\/sitio\/?p=11762"},"modified":"2026-08-31T14:35:59","modified_gmt":"2026-08-31T17:35:59","slug":"copa-san-ignacio-de-basquetbol-u16-reunio-a-colegios-de-la-red-ignaciana-en-concepcion","status":"publish","type":"post","link":"http:\/\/sanignacioconcepcion.cl\/sitio\/copa-san-ignacio-de-basquetbol-u16-reunio-a-colegios-de-la-red-ignaciana-en-concepcion\/","title":{"rendered":"Copa San Ignacio de B\u00e1squetbol U16 reuni\u00f3 a colegios de la Red Ignaciana en Concepci\u00f3n"},"content":{"rendered":"<p class=\"isSelectedEnd\">Entre el viernes 28 y el domingo 30 de agosto se desarroll\u00f3 en nuestro Colegio la <strong>Copa San Ignacio de B\u00e1squetbol U16<\/strong>, instancia deportiva que reuni\u00f3 a seis equipos provenientes de distintos colegios de la Red Educacional Ignaciana. En esta oportunidad, participaron cinco establecimientos de la red y un colegio invitado, el Colegio Germania de Puerto Varas.<\/p>\n<p class=\"isSelectedEnd\">Durante tres jornadas, los equipos compartieron en torno al deporte, viviendo una experiencia que permiti\u00f3 no solo demostrar sus habilidades en la cancha, sino tambi\u00e9n generar espacios de encuentro y convivencia entre distintas comunidades educativas.<\/p>\n<p class=\"isSelectedEnd\">En lo deportivo, el <strong>primer lugar<\/strong> fue para el Colegio San Ignacio Alonso de Ovalle, mientras que nuestro equipo del <strong>Colegio San Ignacio de Concepci\u00f3n obtuvo el segundo lugar<\/strong>. El tercer puesto fue para el Colegio San Ignacio El Bosque, de Santiago.<\/p>\n<p>Felicitamos a todos los equipos participantes por su compromiso, esfuerzo y esp\u00edritu deportivo, y especialmente a quienes ocuparon los primeros lugares. Agradecemos tambi\u00e9n a quienes hicieron posible esta nueva versi\u00f3n de la Copa San Ignacio, que nos invita a seguir fortaleciendo el trabajo en red y generando espacios donde, m\u00e1s all\u00e1 de la competencia, podamos <strong>encontrarnos, compartir y construir comunidad<\/strong>.<\/p>\n<p><a href=\"https:\/\/photos.app.goo.gl\/n1R759NbEmzrjzAB9\">VER FOTOS.<\/a><\/p>\n","protected":false},"excerpt":{"rendered":"<p>Entre el viernes 28 y el domingo 30 de agosto se desarroll\u00f3 en nuestro Colegio la Copa San Ignacio de B\u00e1squetbol U16, instancia deportiva que reuni\u00f3 a seis equipos provenientes de distintos colegios de la Red Educacional Ignaciana. En esta oportunidad, participaron cinco establecimientos de la red y un colegio invitado, el Colegio Germania de&hellip;<\/p>\n","protected":false},"author":1,"featured_media":11763,"comment_status":"closed","ping_status":"closed","sticky":false,"template":"","format":"standard","meta":[],"categories":[4],"tags":[],"_links":{"self":[{"href":"http:\/\/sanignacioconcepcion.cl\/sitio\/wp-json\/wp\/v2\/posts\/11762"}],"collection":[{"href":"http:\/\/sanignacioconcepcion.cl\/sitio\/wp-json\/wp\/v2\/posts"}],"about":[{"href":"http:\/\/sanignacioconcepcion.cl\/sitio\/wp-json\/wp\/v2\/types\/post"}],"author":[{"embeddable":true,"href":"http:\/\/sanignacioconcepcion.cl\/sitio\/wp-json\/wp\/v2\/users\/1"}],"replies":[{"embeddable":true,"href":"http:\/\/sanignacioconcepcion.cl\/sitio\/wp-json\/wp\/v2\/comments?post=11762"}],"version-history":[{"count":2,"href":"http:\/\/sanignacioconcepcion.cl\/sitio\/wp-json\/wp\/v2\/posts\/11762\/revisions"}],"predecessor-version":[{"id":11765,"href":"http:\/\/sanignacioconcepcion.cl\/sitio\/wp-json\/wp\/v2\/posts\/11762\/revisions\/11765"}],"wp:featuredmedia":[{"embeddable":true,"href":"http:\/\/sanignacioconcepcion.cl\/sitio\/wp-json\/wp\/v2\/media\/11763"}],"wp:attachment":[{"href":"http:\/\/sanignacioconcepcion.cl\/sitio\/wp-json\/wp\/v2\/media?parent=11762"}],"wp:term":[{"taxonomy":"category","embeddable":true,"href":"http:\/\/sanignacioconcepcion.cl\/sitio\/wp-json\/wp\/v2\/categories?post=11762"},{"taxonomy":"post_tag","embeddable":true,"href":"http:\/\/sanignacioconcepcion.cl\/sitio\/wp-json\/wp\/v2\/tags?post=11762"}],"curies":[{"name":"wp","href":"https:\/\/api.w.org\/{rel}","templated":true}]}}