{"id":11766,"date":"2026-08-31T12:41:18","date_gmt":"2026-08-31T15:41:18","guid":{"rendered":"https:\/\/sanignacioconcepcion.cl\/sitio\/?p=11766"},"modified":"2026-08-31T14:49:31","modified_gmt":"2026-08-31T17:49:31","slug":"estudiantes-destacan-en-quinta-competencia-de-deletreo-de-la-red-llacolen-de-bibliotecas","status":"publish","type":"post","link":"http:\/\/sanignacioconcepcion.cl\/sitio\/estudiantes-destacan-en-quinta-competencia-de-deletreo-de-la-red-llacolen-de-bibliotecas\/","title":{"rendered":"Estudiantes destacan en Quinta Competencia de Deletreo de la Red Llacol\u00e9n de Bibliotecas"},"content":{"rendered":"<p class=\"isSelectedEnd\">Nuestros estudiantes participaron en la <strong>Quinta Competencia de Deletreo<\/strong>, organizada para colegios particulares subvencionados pertenecientes a la Red Llacol\u00e9n de Bibliotecas de San Pedro de la Paz, instancia que busca promover el desarrollo de habilidades ling\u00fc\u00edsticas y fortalecer el inter\u00e9s por el lenguaje.<\/p>\n<p class=\"isSelectedEnd\">En esta oportunidad, nuestros representantes obtuvieron destacados resultados en distintas categor\u00edas. En 5\u00b0 b\u00e1sico, <strong>Juli\u00e1n Vald\u00e9s, de 5\u00b0B, obtuvo el primer lugar en un empate<\/strong>. En 7\u00b0 b\u00e1sico, <strong>Matilde Concha, de 7\u00b0C, alcanz\u00f3 el primer lugar<\/strong>, mientras que en 8\u00b0 b\u00e1sico, <strong>Juli\u00e1n Becerra, de 8\u00b0A, obtuvo el segundo lugar<\/strong>. En la categor\u00eda de 6\u00b0 b\u00e1sico, particip\u00f3 <strong>Javier Ulloa, de 6\u00b0B<\/strong>.<\/p>\n<p>Felicitamos a todos nuestros estudiantes participantes por su compromiso, dedicaci\u00f3n y preparaci\u00f3n para esta competencia, as\u00ed como por representar a nuestro Colegio en esta instancia de encuentro y aprendizaje con otras comunidades educativas de San Pedro de la Paz.<\/p>\n","protected":false},"excerpt":{"rendered":"<p>Nuestros estudiantes participaron en la Quinta Competencia de Deletreo, organizada para colegios particulares subvencionados pertenecientes a la Red Llacol\u00e9n de Bibliotecas de San Pedro de la Paz, instancia que busca promover el desarrollo de habilidades ling\u00fc\u00edsticas y fortalecer el inter\u00e9s por el lenguaje. En esta oportunidad, nuestros representantes obtuvieron destacados resultados en distintas categor\u00edas. En&hellip;<\/p>\n","protected":false},"author":1,"featured_media":11767,"comment_status":"closed","ping_status":"closed","sticky":false,"template":"","format":"standard","meta":[],"categories":[4],"tags":[],"_links":{"self":[{"href":"http:\/\/sanignacioconcepcion.cl\/sitio\/wp-json\/wp\/v2\/posts\/11766"}],"collection":[{"href":"http:\/\/sanignacioconcepcion.cl\/sitio\/wp-json\/wp\/v2\/posts"}],"about":[{"href":"http:\/\/sanignacioconcepcion.cl\/sitio\/wp-json\/wp\/v2\/types\/post"}],"author":[{"embeddable":true,"href":"http:\/\/sanignacioconcepcion.cl\/sitio\/wp-json\/wp\/v2\/users\/1"}],"replies":[{"embeddable":true,"href":"http:\/\/sanignacioconcepcion.cl\/sitio\/wp-json\/wp\/v2\/comments?post=11766"}],"version-history":[{"count":1,"href":"http:\/\/sanignacioconcepcion.cl\/sitio\/wp-json\/wp\/v2\/posts\/11766\/revisions"}],"predecessor-version":[{"id":11768,"href":"http:\/\/sanignacioconcepcion.cl\/sitio\/wp-json\/wp\/v2\/posts\/11766\/revisions\/11768"}],"wp:featuredmedia":[{"embeddable":true,"href":"http:\/\/sanignacioconcepcion.cl\/sitio\/wp-json\/wp\/v2\/media\/11767"}],"wp:attachment":[{"href":"http:\/\/sanignacioconcepcion.cl\/sitio\/wp-json\/wp\/v2\/media?parent=11766"}],"wp:term":[{"taxonomy":"category","embeddable":true,"href":"http:\/\/sanignacioconcepcion.cl\/sitio\/wp-json\/wp\/v2\/categories?post=11766"},{"taxonomy":"post_tag","embeddable":true,"href":"http:\/\/sanignacioconcepcion.cl\/sitio\/wp-json\/wp\/v2\/tags?post=11766"}],"curies":[{"name":"wp","href":"https:\/\/api.w.org\/{rel}","templated":true}]}}