{"id":11776,"date":"2026-08-31T15:42:06","date_gmt":"2026-08-31T18:42:06","guid":{"rendered":"https:\/\/sanignacioconcepcion.cl\/sitio\/?p=11776"},"modified":"2026-08-31T15:42:06","modified_gmt":"2026-08-31T18:42:06","slug":"misa-de-entrega-y-bendicion-de-la-carta-de-los-deseos","status":"publish","type":"post","link":"http:\/\/sanignacioconcepcion.cl\/sitio\/misa-de-entrega-y-bendicion-de-la-carta-de-los-deseos\/","title":{"rendered":"Misa de entrega y bendici\u00f3n de la Carta de los Deseos"},"content":{"rendered":"<p class=\"isSelectedEnd\">El domingo 30 de agosto, nuestra comunidad educativa se reuni\u00f3 para celebrar la <strong>misa de entrega y bendici\u00f3n de la Carta de los Deseos<\/strong>, una de las tradiciones m\u00e1s significativas de nuestro Colegio y que acompa\u00f1a a las familias desde el inicio de la etapa escolar de sus hijos e hijas.<\/p>\n<p class=\"isSelectedEnd\">La Carta de los Deseos es un gesto mediante el cual padres y madres ponen en palabras sus esperanzas, sue\u00f1os y deseos m\u00e1s profundos para el futuro y el sentido de vida de sus hijos e hijas. Escrita desde la oraci\u00f3n y el agradecimiento por sus vidas, esta carta expresa tambi\u00e9n el compromiso de acompa\u00f1arlos en su camino de formaci\u00f3n y crecimiento.<\/p>\n<p class=\"isSelectedEnd\">Durante la celebraci\u00f3n, las familias tuvieron la oportunidad de entregar estas cartas, que ser\u00e1n <strong>guardadas cuidadosamente durante toda la trayectoria escolar de cada estudiante<\/strong>, para ser devueltas al finalizar 4\u00b0 medio como un signo del amor de sus familias y del camino recorrido juntos.<\/p>\n<p class=\"isSelectedEnd\">La celebraci\u00f3n fue tambi\u00e9n una invitaci\u00f3n a poner este camino en manos de Dios, pidiendo su gu\u00eda para acompa\u00f1ar a nuestros ni\u00f1os y ni\u00f1as en su crecimiento, para que puedan desarrollarse plenamente, fortalecer su relaci\u00f3n con el Se\u00f1or y aprender a ser hermanos y hermanas para quienes m\u00e1s lo necesitan.<\/p>\n<p>As\u00ed, la Carta de los Deseos se convierte en una huella que une el comienzo y el final de la vida escolar, record\u00e1ndonos que <strong>educar tambi\u00e9n es acompa\u00f1ar, esperar, confiar y so\u00f1ar juntos el camino que cada ni\u00f1o y ni\u00f1a est\u00e1 llamado a recorrer<\/strong>.<\/p>\n","protected":false},"excerpt":{"rendered":"<p>El domingo 30 de agosto, nuestra comunidad educativa se reuni\u00f3 para celebrar la misa de entrega y bendici\u00f3n de la Carta de los Deseos, una de las tradiciones m\u00e1s significativas de nuestro Colegio y que acompa\u00f1a a las familias desde el inicio de la etapa escolar de sus hijos e hijas. La Carta de los&hellip;<\/p>\n","protected":false},"author":1,"featured_media":11777,"comment_status":"closed","ping_status":"closed","sticky":false,"template":"","format":"standard","meta":[],"categories":[4],"tags":[],"_links":{"self":[{"href":"http:\/\/sanignacioconcepcion.cl\/sitio\/wp-json\/wp\/v2\/posts\/11776"}],"collection":[{"href":"http:\/\/sanignacioconcepcion.cl\/sitio\/wp-json\/wp\/v2\/posts"}],"about":[{"href":"http:\/\/sanignacioconcepcion.cl\/sitio\/wp-json\/wp\/v2\/types\/post"}],"author":[{"embeddable":true,"href":"http:\/\/sanignacioconcepcion.cl\/sitio\/wp-json\/wp\/v2\/users\/1"}],"replies":[{"embeddable":true,"href":"http:\/\/sanignacioconcepcion.cl\/sitio\/wp-json\/wp\/v2\/comments?post=11776"}],"version-history":[{"count":1,"href":"http:\/\/sanignacioconcepcion.cl\/sitio\/wp-json\/wp\/v2\/posts\/11776\/revisions"}],"predecessor-version":[{"id":11778,"href":"http:\/\/sanignacioconcepcion.cl\/sitio\/wp-json\/wp\/v2\/posts\/11776\/revisions\/11778"}],"wp:featuredmedia":[{"embeddable":true,"href":"http:\/\/sanignacioconcepcion.cl\/sitio\/wp-json\/wp\/v2\/media\/11777"}],"wp:attachment":[{"href":"http:\/\/sanignacioconcepcion.cl\/sitio\/wp-json\/wp\/v2\/media?parent=11776"}],"wp:term":[{"taxonomy":"category","embeddable":true,"href":"http:\/\/sanignacioconcepcion.cl\/sitio\/wp-json\/wp\/v2\/categories?post=11776"},{"taxonomy":"post_tag","embeddable":true,"href":"http:\/\/sanignacioconcepcion.cl\/sitio\/wp-json\/wp\/v2\/tags?post=11776"}],"curies":[{"name":"wp","href":"https:\/\/api.w.org\/{rel}","templated":true}]}}