{"id":1219,"date":"2019-08-19T18:06:12","date_gmt":"2019-08-19T18:06:12","guid":{"rendered":"http:\/\/movilia.cl\/sanignacio\/?p=1219"},"modified":"2019-11-05T18:06:33","modified_gmt":"2019-11-05T18:06:33","slug":"ignacianos-obtienen-grandes-resultados-en-provincial-de-atletismo-y-lanzamiento-clasificando-a-etapa-regional","status":"publish","type":"post","link":"http:\/\/sanignacioconcepcion.cl\/sitio\/ignacianos-obtienen-grandes-resultados-en-provincial-de-atletismo-y-lanzamiento-clasificando-a-etapa-regional\/","title":{"rendered":"Ignacianos obtienen grandes resultados en Provincial de Atletismo y Lanzamiento, clasificando a etapa regional"},"content":{"rendered":"<h2>Provincial Juegos Deportivos Escolares<\/h2>\n<p>El pasado 14 de agosto se realiz\u00f3 el Provincial de los Juegos Deportivos escolares IND en series sub 14 y sub 17, instancia deportiva a la que nuestros atletas clasificaron desde el torneo Pre-Provincial ADICPA.<\/p>\n<p>El encuentro deportivo reuni\u00f3 a los mejores deportistas de colegios de la zona, en las pistas del Estadio Ester Roa, instancia donde 9 de nuestros atletas asistieron, junto a su profesor, Cristian Fuentealba, llenos de entusiasmo y esperanzados con obtener los mejores resultados en este gran desaf\u00edo.<\/p>\n<p>Esta fase dio como resultado los siguientes logros de nuestro ignacianos:<br \/>\n1er Lugar Vallas varones \u2013 Tom\u00e1s Daza<br \/>\n1er Lugar Vallas Damas \u2013 Millaray Galdames<br \/>\n1er Lugar 5000 Marcha Damas \u2013 Constanza Raggio<br \/>\n1er Lugar Varones 5000 Marcha \u2013 Pablo Quezada<br \/>\n1er Lugar Salto Alto y 3er Lugar Salto Largo Varones \u2013 Diego Delgado<br \/>\n6to Lugar Salto Largo Damas y 6to Lugar 100 mts planos \u2013 Cristina Fern\u00e1ndez<br \/>\n7mo Lugar Salto Largo Damas \u2013 Sof\u00eda Plaza<\/p>\n<p>Esta etapa fue clasificatoria a los Juegos Deportivos Escolares, Fase Regional.<\/p>\n<p>Gran m\u00e9rito de todos nuestros deportistas. \u00a1felicitaciones! <a href=\"https:\/\/photos.google.com\/share\/AF1QipPpPq0wzN2rS3vzgLILlYPKADPGeE8hRRyzl15CTK0nzX8Sgfhq4wtB4jLQbsAv5g?key=NGJyd2pESDlfbGhXdWgwR2ZPRDQtQXpsWU4tOG1B\">ver fotos<\/a><\/p>\n<h2>Campeonato Provincial de Lanzamiento<\/h2>\n<p>Por su parte, el pasado 16 de agosto se realiz\u00f3 el Provincial de Lanzamiento, donde estuvo presente el equipo de lanzadores de nuestro Colegio, quienes vivieron una emocionante cita de competici\u00f3n de esta fase de los Juegos Deportivos Escolares del IND.<\/p>\n<p>Los ignacianos hicieron su mayor esfuerzo para dar paso a lo que ser\u00e1 la gran final Regional. De los seis participantes, clasific\u00f3 a a la etapa Regional nuestro estudiante Sebasti\u00e1n Oporto en Bala, Disco y Martillo. <a href=\"https:\/\/photos.google.com\/share\/AF1QipMuFIC_iDrmfEQyOrOmtqQb7fcfvYdfEdFAg5n4ymiCpqHzUZ_tN396C5Kp_PgQkA?key=ZkJNTUhDSjNpSDZNdHBTT1U1V0Foc3RtQ1NldGhR\">ver fotos<\/a><\/p>\n<p>\u00a1Felicitaciones!<\/p>\n","protected":false},"excerpt":{"rendered":"<p>Provincial Juegos Deportivos Escolares El pasado 14 de agosto se realiz\u00f3 el Provincial de los Juegos Deportivos escolares IND en series sub 14 y sub 17, instancia deportiva a la que nuestros atletas clasificaron desde el torneo Pre-Provincial ADICPA. El encuentro deportivo reuni\u00f3 a los mejores deportistas de colegios de la zona, en las pistas&hellip;<\/p>\n","protected":false},"author":1,"featured_media":1220,"comment_status":"closed","ping_status":"closed","sticky":false,"template":"","format":"standard","meta":[],"categories":[4],"tags":[],"_links":{"self":[{"href":"http:\/\/sanignacioconcepcion.cl\/sitio\/wp-json\/wp\/v2\/posts\/1219"}],"collection":[{"href":"http:\/\/sanignacioconcepcion.cl\/sitio\/wp-json\/wp\/v2\/posts"}],"about":[{"href":"http:\/\/sanignacioconcepcion.cl\/sitio\/wp-json\/wp\/v2\/types\/post"}],"author":[{"embeddable":true,"href":"http:\/\/sanignacioconcepcion.cl\/sitio\/wp-json\/wp\/v2\/users\/1"}],"replies":[{"embeddable":true,"href":"http:\/\/sanignacioconcepcion.cl\/sitio\/wp-json\/wp\/v2\/comments?post=1219"}],"version-history":[{"count":1,"href":"http:\/\/sanignacioconcepcion.cl\/sitio\/wp-json\/wp\/v2\/posts\/1219\/revisions"}],"predecessor-version":[{"id":1221,"href":"http:\/\/sanignacioconcepcion.cl\/sitio\/wp-json\/wp\/v2\/posts\/1219\/revisions\/1221"}],"wp:featuredmedia":[{"embeddable":true,"href":"http:\/\/sanignacioconcepcion.cl\/sitio\/wp-json\/wp\/v2\/media\/1220"}],"wp:attachment":[{"href":"http:\/\/sanignacioconcepcion.cl\/sitio\/wp-json\/wp\/v2\/media?parent=1219"}],"wp:term":[{"taxonomy":"category","embeddable":true,"href":"http:\/\/sanignacioconcepcion.cl\/sitio\/wp-json\/wp\/v2\/categories?post=1219"},{"taxonomy":"post_tag","embeddable":true,"href":"http:\/\/sanignacioconcepcion.cl\/sitio\/wp-json\/wp\/v2\/tags?post=1219"}],"curies":[{"name":"wp","href":"https:\/\/api.w.org\/{rel}","templated":true}]}}