{"id":1222,"date":"2019-09-30T18:13:21","date_gmt":"2019-09-30T18:13:21","guid":{"rendered":"http:\/\/movilia.cl\/sanignacio\/?p=1222"},"modified":"2019-11-15T14:04:37","modified_gmt":"2019-11-15T14:04:37","slug":"regional-de-atletismo-ignaciano-al-nacional","status":"publish","type":"post","link":"http:\/\/sanignacioconcepcion.cl\/sitio\/regional-de-atletismo-ignaciano-al-nacional\/","title":{"rendered":"Regional de Atletismo: \u00a1Ignaciano al Nacional!"},"content":{"rendered":"<p>El pasado 12 de septiembre, tres de nuestros atletas participaron del campeonato Regional de Atletismo, donde dos de ellos obtuvieron podio en 2 de las 5 pruebas , instancia donde adem\u00e1s uno de nuestros deportistas clasific\u00f3 a la etapa Nacional de los Juegos Deportivos Escolares. El evento se desarroll\u00f3 en el estadio municipal de Los \u00c1ngeles, lugar donde se reunieron los deportistas de las diferentes provincias que llegaron con sus mejores exponentes al torneo.<\/p>\n<p>Los resultados fueron los siguientes:<br \/>\n<strong>Sebasti\u00e1n Oporto<\/strong><br \/>\n7mo Lugar Lanzamiento Disco<br \/>\n7mo Lugar Lanzamiento de Bala<\/p>\n<p><strong>Tom\u00e1s Daza<\/strong><br \/>\n2do Lugar 100 Mts Vallas<\/p>\n<p><strong>Diego Delgado<\/strong> (Clasificado al Nacional)<br \/>\n2do Lugar Salto alto<\/p>\n<p>Felicitamos a nuestros Atletas, \u00ablos cuales seguir\u00e1n entrenando para enaltecer el nombre de nuestro colegio en las Pistas de la Regi\u00f3n y el Pa\u00eds\u00bb, se\u00f1al\u00f3 el profesor Cristian Fuentealba M. <a href=\"https:\/\/photos.google.com\/share\/AF1QipPsiA6eCBwEOwcqSE_DvWinaTx2GK0aTy3JLxBLhAhc7kLhvtGYzN1qon0Qq6CbwQ?key=TGdkUGY3bGU2QU9ka2o5QTRERVZGa2VUODFNSW5n\">ver fotos<\/a><\/p>\n","protected":false},"excerpt":{"rendered":"<p>El pasado 12 de septiembre, tres de nuestros atletas participaron del campeonato Regional de Atletismo, donde dos de ellos obtuvieron podio en 2 de las 5 pruebas , instancia donde adem\u00e1s uno de nuestros deportistas clasific\u00f3 a la etapa Nacional de los Juegos Deportivos Escolares. El evento se desarroll\u00f3 en el estadio municipal de Los&hellip;<\/p>\n","protected":false},"author":1,"featured_media":1223,"comment_status":"closed","ping_status":"closed","sticky":false,"template":"","format":"standard","meta":[],"categories":[4],"tags":[],"_links":{"self":[{"href":"http:\/\/sanignacioconcepcion.cl\/sitio\/wp-json\/wp\/v2\/posts\/1222"}],"collection":[{"href":"http:\/\/sanignacioconcepcion.cl\/sitio\/wp-json\/wp\/v2\/posts"}],"about":[{"href":"http:\/\/sanignacioconcepcion.cl\/sitio\/wp-json\/wp\/v2\/types\/post"}],"author":[{"embeddable":true,"href":"http:\/\/sanignacioconcepcion.cl\/sitio\/wp-json\/wp\/v2\/users\/1"}],"replies":[{"embeddable":true,"href":"http:\/\/sanignacioconcepcion.cl\/sitio\/wp-json\/wp\/v2\/comments?post=1222"}],"version-history":[{"count":1,"href":"http:\/\/sanignacioconcepcion.cl\/sitio\/wp-json\/wp\/v2\/posts\/1222\/revisions"}],"predecessor-version":[{"id":1224,"href":"http:\/\/sanignacioconcepcion.cl\/sitio\/wp-json\/wp\/v2\/posts\/1222\/revisions\/1224"}],"wp:featuredmedia":[{"embeddable":true,"href":"http:\/\/sanignacioconcepcion.cl\/sitio\/wp-json\/wp\/v2\/media\/1223"}],"wp:attachment":[{"href":"http:\/\/sanignacioconcepcion.cl\/sitio\/wp-json\/wp\/v2\/media?parent=1222"}],"wp:term":[{"taxonomy":"category","embeddable":true,"href":"http:\/\/sanignacioconcepcion.cl\/sitio\/wp-json\/wp\/v2\/categories?post=1222"},{"taxonomy":"post_tag","embeddable":true,"href":"http:\/\/sanignacioconcepcion.cl\/sitio\/wp-json\/wp\/v2\/tags?post=1222"}],"curies":[{"name":"wp","href":"https:\/\/api.w.org\/{rel}","templated":true}]}}