{"id":1236,"date":"2019-10-09T13:42:54","date_gmt":"2019-10-09T13:42:54","guid":{"rendered":"http:\/\/movilia.cl\/sanignacio\/?p=1236"},"modified":"2019-11-07T15:05:32","modified_gmt":"2019-11-07T15:05:32","slug":"ciencia-sin-ficcion-ignacianos-presentes","status":"publish","type":"post","link":"http:\/\/sanignacioconcepcion.cl\/sitio\/ciencia-sin-ficcion-ignacianos-presentes\/","title":{"rendered":"Ciencia sin ficci\u00f3n: \u00a1Ignacianos presentes!"},"content":{"rendered":"<p>El pasado 01 y 02 de octubre se realiz\u00f3 el evento cient\u00edfico m\u00e1s relevante de la zona, Ciencia sin Ficci\u00f3n, encuentro del cual participaron nuestro alumnos\/as del Plan Cient\u00edfico de 3\u00b0 medio, con el prop\u00f3sito de otorgar oportunidades a los estudiantes, en donde puedan relacionarse y conocer figuras cient\u00edficas actuales y de gran importancia tanto en Chile como el mundo, adem\u00e1s de poder reunirse con un gran n\u00famero de pares estudiantiles que tienen todos es com\u00fan su pasi\u00f3n por la ciencia. Nuestros estudiantes fueron acompa\u00f1ados por los docentes; C\u00e9sar Paredes y Daniel Cuevas.<\/p>\n<p>\u00abCiencia sin Ficci\u00f3n 2019 es la segunda versi\u00f3n del evento de divulgaci\u00f3n cient\u00edfica escolar m\u00e1s grande de Chile, apoyado por Fomento Bio Bio Corfo y organizado en colaboraci\u00f3n con Injuv Biob\u00edo, INACAP Concepci\u00f3n-Talcahuano, Universidad de Concepci\u00f3n, USS Concepci\u00f3n, Gestiona Biob\u00edo y TVU.<\/p>\n<p>La actividad cont\u00f3 con la participaci\u00f3n de m\u00e1s de 30 conferencistas incluyendo tres Premios Nacionales de Ciencias y tres expositores internacionales, quienes compartir\u00e1n su conocimientos con m\u00e1s de 6.000 estudiantes y p\u00fablico en general\u00bb. (descripci\u00f3n textual de pagina de face del evento, lo que esta entre comas)Trata de la reuni\u00f3n m\u00e1s grande de cient\u00edficos y personas que realizan ciencia a lo largo de todo Chile, contando con grandes personajes como Jos\u00e9 Maza, Barbarita Lara, Javier Santaolalla, entre otros. Los cuales expusieron diversos temas a un gran n\u00famero de estudiantes, tratando temas de contingencia como la importancia del reciclaje, el origen de las vacunas y porque son necesarias, entre otros.<\/p>\n<p>Fuente y m\u00e1s informaci\u00f3n:\u00a0<a href=\"http:\/\/cienciasinficcion.cl\/\" target=\"_blank\" rel=\"noopener\">http:\/\/cienciasinficcion.cl<\/a><\/p>\n","protected":false},"excerpt":{"rendered":"<p>El pasado 01 y 02 de octubre se realiz\u00f3 el evento cient\u00edfico m\u00e1s relevante de la zona, Ciencia sin Ficci\u00f3n, encuentro del cual participaron nuestro alumnos\/as del Plan Cient\u00edfico de 3\u00b0 medio, con el prop\u00f3sito de otorgar oportunidades a los estudiantes, en donde puedan relacionarse y conocer figuras cient\u00edficas actuales y de gran importancia tanto&hellip;<\/p>\n","protected":false},"author":1,"featured_media":1238,"comment_status":"closed","ping_status":"closed","sticky":false,"template":"","format":"standard","meta":[],"categories":[4],"tags":[],"_links":{"self":[{"href":"http:\/\/sanignacioconcepcion.cl\/sitio\/wp-json\/wp\/v2\/posts\/1236"}],"collection":[{"href":"http:\/\/sanignacioconcepcion.cl\/sitio\/wp-json\/wp\/v2\/posts"}],"about":[{"href":"http:\/\/sanignacioconcepcion.cl\/sitio\/wp-json\/wp\/v2\/types\/post"}],"author":[{"embeddable":true,"href":"http:\/\/sanignacioconcepcion.cl\/sitio\/wp-json\/wp\/v2\/users\/1"}],"replies":[{"embeddable":true,"href":"http:\/\/sanignacioconcepcion.cl\/sitio\/wp-json\/wp\/v2\/comments?post=1236"}],"version-history":[{"count":1,"href":"http:\/\/sanignacioconcepcion.cl\/sitio\/wp-json\/wp\/v2\/posts\/1236\/revisions"}],"predecessor-version":[{"id":1237,"href":"http:\/\/sanignacioconcepcion.cl\/sitio\/wp-json\/wp\/v2\/posts\/1236\/revisions\/1237"}],"wp:featuredmedia":[{"embeddable":true,"href":"http:\/\/sanignacioconcepcion.cl\/sitio\/wp-json\/wp\/v2\/media\/1238"}],"wp:attachment":[{"href":"http:\/\/sanignacioconcepcion.cl\/sitio\/wp-json\/wp\/v2\/media?parent=1236"}],"wp:term":[{"taxonomy":"category","embeddable":true,"href":"http:\/\/sanignacioconcepcion.cl\/sitio\/wp-json\/wp\/v2\/categories?post=1236"},{"taxonomy":"post_tag","embeddable":true,"href":"http:\/\/sanignacioconcepcion.cl\/sitio\/wp-json\/wp\/v2\/tags?post=1236"}],"curies":[{"name":"wp","href":"https:\/\/api.w.org\/{rel}","templated":true}]}}