{"id":1242,"date":"2019-10-08T19:24:45","date_gmt":"2019-10-08T19:24:45","guid":{"rendered":"http:\/\/movilia.cl\/sanignacio\/?p=1242"},"modified":"2019-11-07T19:34:25","modified_gmt":"2019-11-07T19:34:25","slug":"atletismo-campeonato-phc","status":"publish","type":"post","link":"http:\/\/sanignacioconcepcion.cl\/sitio\/atletismo-campeonato-phc\/","title":{"rendered":"Atletismo: Campeonato PHC"},"content":{"rendered":"<p>El 27 y 28 de septiembre, la rama de Atletismo de nuestro colegio, particip\u00f3 en el ya tradicional campeonato Padre Hurtado de Chill\u00e1n, donde las Categor\u00edas Pre Peneca, Peneca, Preparatoria, Infantil, Intermedia y Selecci\u00f3n, se unieron como el gran equipo San Ignacio, los cuales disputaron el anhelado trofeo de esta copa.<\/p>\n<p>A pesar de la distancia, el fr\u00edo matutino y el calor de medio d\u00eda, nuestros ignacianos vivieron una gran jornada, disputando algunas pruebas como, salto largo, 60 y 80 mts planos, lanzamiento de pelotita, entre otras.<\/p>\n<p>\u00abAgradecemos a todos quien hicieron posible este viaje. Al Centro de Padres por su continua colaboraci\u00f3n, a los apoderados por su continuo apoyo, a los atletas por su responsabilidad y compromiso, a la directiva de la rama, quienes ayudan continuamente al trabajo de los profesores\u00bb, se\u00f1al\u00f3 el prof. Cristian Fuentalba. Quien adem\u00e1s espera seguir participando de estas instancias, que m\u00e1s all\u00e1 de competir, buscan formar a nuestros atletas. <a href=\"https:\/\/photos.google.com\/share\/AF1QipMdmXlrnmHqnOaK6O623kA2gTivCpjie69ZP79riDKQi15iu2pNUvqZAxorXVzAXw?key=UlBXNllWRXlFUm5hSE9wMm15Ni1ZdThqdnhnbjlR\">ver fotos<\/a><\/p>\n","protected":false},"excerpt":{"rendered":"<p>El 27 y 28 de septiembre, la rama de Atletismo de nuestro colegio, particip\u00f3 en el ya tradicional campeonato Padre Hurtado de Chill\u00e1n, donde las Categor\u00edas Pre Peneca, Peneca, Preparatoria, Infantil, Intermedia y Selecci\u00f3n, se unieron como el gran equipo San Ignacio, los cuales disputaron el anhelado trofeo de esta copa. A pesar de la&hellip;<\/p>\n","protected":false},"author":1,"featured_media":1243,"comment_status":"closed","ping_status":"closed","sticky":false,"template":"","format":"standard","meta":[],"categories":[4],"tags":[],"_links":{"self":[{"href":"http:\/\/sanignacioconcepcion.cl\/sitio\/wp-json\/wp\/v2\/posts\/1242"}],"collection":[{"href":"http:\/\/sanignacioconcepcion.cl\/sitio\/wp-json\/wp\/v2\/posts"}],"about":[{"href":"http:\/\/sanignacioconcepcion.cl\/sitio\/wp-json\/wp\/v2\/types\/post"}],"author":[{"embeddable":true,"href":"http:\/\/sanignacioconcepcion.cl\/sitio\/wp-json\/wp\/v2\/users\/1"}],"replies":[{"embeddable":true,"href":"http:\/\/sanignacioconcepcion.cl\/sitio\/wp-json\/wp\/v2\/comments?post=1242"}],"version-history":[{"count":1,"href":"http:\/\/sanignacioconcepcion.cl\/sitio\/wp-json\/wp\/v2\/posts\/1242\/revisions"}],"predecessor-version":[{"id":1244,"href":"http:\/\/sanignacioconcepcion.cl\/sitio\/wp-json\/wp\/v2\/posts\/1242\/revisions\/1244"}],"wp:featuredmedia":[{"embeddable":true,"href":"http:\/\/sanignacioconcepcion.cl\/sitio\/wp-json\/wp\/v2\/media\/1243"}],"wp:attachment":[{"href":"http:\/\/sanignacioconcepcion.cl\/sitio\/wp-json\/wp\/v2\/media?parent=1242"}],"wp:term":[{"taxonomy":"category","embeddable":true,"href":"http:\/\/sanignacioconcepcion.cl\/sitio\/wp-json\/wp\/v2\/categories?post=1242"},{"taxonomy":"post_tag","embeddable":true,"href":"http:\/\/sanignacioconcepcion.cl\/sitio\/wp-json\/wp\/v2\/tags?post=1242"}],"curies":[{"name":"wp","href":"https:\/\/api.w.org\/{rel}","templated":true}]}}