{"id":1248,"date":"2019-10-07T19:40:27","date_gmt":"2019-10-07T19:40:27","guid":{"rendered":"http:\/\/movilia.cl\/sanignacio\/?p=1248"},"modified":"2019-11-07T19:40:38","modified_gmt":"2019-11-07T19:40:38","slug":"ignacianos-presentes-en-seminario-de-estudiantes-humanistas","status":"publish","type":"post","link":"http:\/\/sanignacioconcepcion.cl\/sitio\/ignacianos-presentes-en-seminario-de-estudiantes-humanistas\/","title":{"rendered":"Ignacianos presentes en seminario de estudiantes humanistas"},"content":{"rendered":"<p>El 3 de septiembre se realizo el Seminario de Estudiantes Investigadores Humanistas, organizado por el <strong>Colegio Padre Hurtado de Chill\u00e1n<\/strong>.<\/p>\n<p>En dicho encuentro participaron nuestro alumnos\/as <strong>Trinidad Soto<\/strong> (4MA), <strong>Paula Vega<\/strong> (3MA), <strong>Catalina Bast\u00edas<\/strong> (3MC) y <strong>Lucas Cardona<\/strong> (3MC). La ponencia presentada se titul\u00f3: \u00ab<strong>Un tr\u00e9bol, un museo<\/strong>\u00bb, que es un intento de respuesta-reflexiva filos\u00f3fica y sociol\u00f3gica respecto del desinter\u00e9s de las personas por visitar el museo Bellas Artes, localizado al interior del Mall Tr\u00e9bol.<\/p>\n<p>Nuestros ignacianos fueron felicitados por parte de la audiencia, tanto por su forma de exposici\u00f3n, como por la tem\u00e1tica presentada que result\u00f3 bastante atractiva.<\/p>\n<p>Felicitaciones a nuestros alumnos\/as y en ese mismo contexto, agradecer a la compa\u00f1era <strong>Isabel Molina<\/strong> (3MA) que nos colabor\u00f3 de muy buena forma con el power point de la presentaci\u00f3n.<\/p>\n<p>As\u00ed tambi\u00e9n, dar gracias a direcci\u00f3n del Ciclo Roma, al Departamento de Historia por el apoyo prestado y a los(as) docentes que permitieron dar tiempo al alumnado para preparar y ensayar la ponencia. <a href=\"https:\/\/photos.google.com\/share\/AF1QipMFSXm1yQPfz5WjT6y8juE9tnyUv3TxmsJEUJu5mlfsOTSXdNZgF2AM54rHv9LhXg?key=ZF9Fc2NVQ1A1RXp4eVhMcHlKM0ZiS255ZlU0NHlB\">ver fotos<\/a><\/p>\n<p>La informaci\u00f3n es de: <strong>Prof. Omar Gaete Riquelme.<\/strong><\/p>\n","protected":false},"excerpt":{"rendered":"<p>El 3 de septiembre se realizo el Seminario de Estudiantes Investigadores Humanistas, organizado por el Colegio Padre Hurtado de Chill\u00e1n. En dicho encuentro participaron nuestro alumnos\/as Trinidad Soto (4MA), Paula Vega (3MA), Catalina Bast\u00edas (3MC) y Lucas Cardona (3MC). La ponencia presentada se titul\u00f3: \u00abUn tr\u00e9bol, un museo\u00bb, que es un intento de respuesta-reflexiva filos\u00f3fica&hellip;<\/p>\n","protected":false},"author":1,"featured_media":1249,"comment_status":"closed","ping_status":"closed","sticky":false,"template":"","format":"standard","meta":[],"categories":[4],"tags":[],"_links":{"self":[{"href":"http:\/\/sanignacioconcepcion.cl\/sitio\/wp-json\/wp\/v2\/posts\/1248"}],"collection":[{"href":"http:\/\/sanignacioconcepcion.cl\/sitio\/wp-json\/wp\/v2\/posts"}],"about":[{"href":"http:\/\/sanignacioconcepcion.cl\/sitio\/wp-json\/wp\/v2\/types\/post"}],"author":[{"embeddable":true,"href":"http:\/\/sanignacioconcepcion.cl\/sitio\/wp-json\/wp\/v2\/users\/1"}],"replies":[{"embeddable":true,"href":"http:\/\/sanignacioconcepcion.cl\/sitio\/wp-json\/wp\/v2\/comments?post=1248"}],"version-history":[{"count":1,"href":"http:\/\/sanignacioconcepcion.cl\/sitio\/wp-json\/wp\/v2\/posts\/1248\/revisions"}],"predecessor-version":[{"id":1250,"href":"http:\/\/sanignacioconcepcion.cl\/sitio\/wp-json\/wp\/v2\/posts\/1248\/revisions\/1250"}],"wp:featuredmedia":[{"embeddable":true,"href":"http:\/\/sanignacioconcepcion.cl\/sitio\/wp-json\/wp\/v2\/media\/1249"}],"wp:attachment":[{"href":"http:\/\/sanignacioconcepcion.cl\/sitio\/wp-json\/wp\/v2\/media?parent=1248"}],"wp:term":[{"taxonomy":"category","embeddable":true,"href":"http:\/\/sanignacioconcepcion.cl\/sitio\/wp-json\/wp\/v2\/categories?post=1248"},{"taxonomy":"post_tag","embeddable":true,"href":"http:\/\/sanignacioconcepcion.cl\/sitio\/wp-json\/wp\/v2\/tags?post=1248"}],"curies":[{"name":"wp","href":"https:\/\/api.w.org\/{rel}","templated":true}]}}