{"id":1251,"date":"2019-10-04T19:43:14","date_gmt":"2019-10-04T19:43:14","guid":{"rendered":"http:\/\/movilia.cl\/sanignacio\/?p=1251"},"modified":"2019-11-07T19:43:26","modified_gmt":"2019-11-07T19:43:26","slug":"xii-concurso-de-arte-escolar-artequin","status":"publish","type":"post","link":"http:\/\/sanignacioconcepcion.cl\/sitio\/xii-concurso-de-arte-escolar-artequin\/","title":{"rendered":"XII concurso de arte escolar &#8211; Artequin"},"content":{"rendered":"<p>El pasado 25 de septiembre e realiz\u00f3 la XII versi\u00f3n del Concurso de Arte Escolar denominado \u00bb Matisse, la fuerza del color\u00bb, organizado por Artequin en el Parque Alessandri, encuentro del cual participaron 38 alumnos\/as de nuestro colegio de 1\u00b0 a 4\u00b0 a\u00f1o de ense\u00f1anza b\u00e1sica.<\/p>\n<p>Durante el desarrollo de la actividad, se realiz\u00f3 una conversaci\u00f3n guiada junto con el apoyo de un video, donde los estudiantes conocieron sobre uno de los principales representantes del movimiento fauvista, Henry Matisse, y tuvieron la oportunidad de crear una obra individual en el taller del Museo, la que posteriormente ser\u00e1 evaluada en las dependencias ante un jurado especializado.<\/p>\n<p>La delegaci\u00f3n de estudiantes fueron acompa\u00f1ados por las docentes; Norma L\u00f3pez Elmes y Lidia Mu\u00f1oz Vargas: <a href=\"https:\/\/photos.google.com\/share\/AF1QipPpIH3y-74bOFl1_GCGIwehJBL8JeHlR2huaL5rU3JqmfRTUleiu39EBko-tKryZA?key=OENmVWRjQ1lFSXhvbFREM2c1dzhCS0ltR21vSE53\">ver fotos<\/a><\/p>\n","protected":false},"excerpt":{"rendered":"<p>El pasado 25 de septiembre e realiz\u00f3 la XII versi\u00f3n del Concurso de Arte Escolar denominado \u00bb Matisse, la fuerza del color\u00bb, organizado por Artequin en el Parque Alessandri, encuentro del cual participaron 38 alumnos\/as de nuestro colegio de 1\u00b0 a 4\u00b0 a\u00f1o de ense\u00f1anza b\u00e1sica. Durante el desarrollo de la actividad, se realiz\u00f3 una&hellip;<\/p>\n","protected":false},"author":1,"featured_media":1252,"comment_status":"closed","ping_status":"closed","sticky":false,"template":"","format":"standard","meta":[],"categories":[4],"tags":[],"_links":{"self":[{"href":"http:\/\/sanignacioconcepcion.cl\/sitio\/wp-json\/wp\/v2\/posts\/1251"}],"collection":[{"href":"http:\/\/sanignacioconcepcion.cl\/sitio\/wp-json\/wp\/v2\/posts"}],"about":[{"href":"http:\/\/sanignacioconcepcion.cl\/sitio\/wp-json\/wp\/v2\/types\/post"}],"author":[{"embeddable":true,"href":"http:\/\/sanignacioconcepcion.cl\/sitio\/wp-json\/wp\/v2\/users\/1"}],"replies":[{"embeddable":true,"href":"http:\/\/sanignacioconcepcion.cl\/sitio\/wp-json\/wp\/v2\/comments?post=1251"}],"version-history":[{"count":1,"href":"http:\/\/sanignacioconcepcion.cl\/sitio\/wp-json\/wp\/v2\/posts\/1251\/revisions"}],"predecessor-version":[{"id":1253,"href":"http:\/\/sanignacioconcepcion.cl\/sitio\/wp-json\/wp\/v2\/posts\/1251\/revisions\/1253"}],"wp:featuredmedia":[{"embeddable":true,"href":"http:\/\/sanignacioconcepcion.cl\/sitio\/wp-json\/wp\/v2\/media\/1252"}],"wp:attachment":[{"href":"http:\/\/sanignacioconcepcion.cl\/sitio\/wp-json\/wp\/v2\/media?parent=1251"}],"wp:term":[{"taxonomy":"category","embeddable":true,"href":"http:\/\/sanignacioconcepcion.cl\/sitio\/wp-json\/wp\/v2\/categories?post=1251"},{"taxonomy":"post_tag","embeddable":true,"href":"http:\/\/sanignacioconcepcion.cl\/sitio\/wp-json\/wp\/v2\/tags?post=1251"}],"curies":[{"name":"wp","href":"https:\/\/api.w.org\/{rel}","templated":true}]}}