{"id":1254,"date":"2019-10-03T19:47:01","date_gmt":"2019-10-03T19:47:01","guid":{"rendered":"http:\/\/movilia.cl\/sanignacio\/?p=1254"},"modified":"2019-11-07T19:47:47","modified_gmt":"2019-11-07T19:47:47","slug":"ceremonia-de-despedida-a-deportistas-regionales","status":"publish","type":"post","link":"http:\/\/sanignacioconcepcion.cl\/sitio\/ceremonia-de-despedida-a-deportistas-regionales\/","title":{"rendered":"Ceremonia de despedida a deportistas regionales"},"content":{"rendered":"<p>El 30 de septiembre nuestro Colegio fue sede para la ceremonia de despedida a la delegaci\u00f3n de deportistas que representar\u00e1n a la Regi\u00f3n en la Final Nacional de los <strong>Juegos Deportivos Escolares sub 14 y sub 16<\/strong>, que se desarrollar\u00e1n entre el 3 y el 13 de octubre.<\/p>\n<p>La actividad cont\u00f3 con la presencia del <strong>seremi del Deporte, Juan Pablo Spoerer<\/strong>, el <strong>Director Regional IND, Carlos Mellado<\/strong>, autoridades de nuestro Colegio, encabezados por la <strong>rectora, Sra. Ang\u00e9lica Caro<\/strong>, adem\u00e1s de apoderados que acompa\u00f1aron en esta ceremonia a los deportistas.<\/p>\n<p>Representar\u00e1n a nuestra regi\u00f3n, nuestras ignacianas de voleibol damas, b\u00e1squetbol damas y el alumno Diego Delgado en atletismo.<\/p>\n<p>Los invitamos a revisar las im\u00e1genes que nos dej\u00f3 esta emotiva jornada: <a href=\"https:\/\/photos.google.com\/share\/AF1QipN9-N66492H9k6ASLA0xKVjLY9zQ2ChTIzH4KsHGTt8R5U4m0nCF-aJOac7kD_HhA?key=QVphWUY5Y2p4TW5GclpDSEY0bG9qQWxJTURqejZB\">ver fotos<\/a><\/p>\n","protected":false},"excerpt":{"rendered":"<p>El 30 de septiembre nuestro Colegio fue sede para la ceremonia de despedida a la delegaci\u00f3n de deportistas que representar\u00e1n a la Regi\u00f3n en la Final Nacional de los Juegos Deportivos Escolares sub 14 y sub 16, que se desarrollar\u00e1n entre el 3 y el 13 de octubre. La actividad cont\u00f3 con la presencia del&hellip;<\/p>\n","protected":false},"author":1,"featured_media":1255,"comment_status":"closed","ping_status":"closed","sticky":false,"template":"","format":"standard","meta":[],"categories":[4],"tags":[],"_links":{"self":[{"href":"http:\/\/sanignacioconcepcion.cl\/sitio\/wp-json\/wp\/v2\/posts\/1254"}],"collection":[{"href":"http:\/\/sanignacioconcepcion.cl\/sitio\/wp-json\/wp\/v2\/posts"}],"about":[{"href":"http:\/\/sanignacioconcepcion.cl\/sitio\/wp-json\/wp\/v2\/types\/post"}],"author":[{"embeddable":true,"href":"http:\/\/sanignacioconcepcion.cl\/sitio\/wp-json\/wp\/v2\/users\/1"}],"replies":[{"embeddable":true,"href":"http:\/\/sanignacioconcepcion.cl\/sitio\/wp-json\/wp\/v2\/comments?post=1254"}],"version-history":[{"count":1,"href":"http:\/\/sanignacioconcepcion.cl\/sitio\/wp-json\/wp\/v2\/posts\/1254\/revisions"}],"predecessor-version":[{"id":1256,"href":"http:\/\/sanignacioconcepcion.cl\/sitio\/wp-json\/wp\/v2\/posts\/1254\/revisions\/1256"}],"wp:featuredmedia":[{"embeddable":true,"href":"http:\/\/sanignacioconcepcion.cl\/sitio\/wp-json\/wp\/v2\/media\/1255"}],"wp:attachment":[{"href":"http:\/\/sanignacioconcepcion.cl\/sitio\/wp-json\/wp\/v2\/media?parent=1254"}],"wp:term":[{"taxonomy":"category","embeddable":true,"href":"http:\/\/sanignacioconcepcion.cl\/sitio\/wp-json\/wp\/v2\/categories?post=1254"},{"taxonomy":"post_tag","embeddable":true,"href":"http:\/\/sanignacioconcepcion.cl\/sitio\/wp-json\/wp\/v2\/tags?post=1254"}],"curies":[{"name":"wp","href":"https:\/\/api.w.org\/{rel}","templated":true}]}}