{"id":1260,"date":"2019-09-27T19:37:49","date_gmt":"2019-09-27T19:37:49","guid":{"rendered":"http:\/\/movilia.cl\/sanignacio\/?p=1260"},"modified":"2019-11-08T19:38:28","modified_gmt":"2019-11-08T19:38:28","slug":"escuela-tecnica-de-aeronautica-nos-visito","status":"publish","type":"post","link":"http:\/\/sanignacioconcepcion.cl\/sitio\/escuela-tecnica-de-aeronautica-nos-visito\/","title":{"rendered":"Escuela t\u00e9cnica de Aeron\u00e1utica nos visit\u00f3"},"content":{"rendered":"<p>El 26 de septiembre nos visit\u00f3 personal de Difusi\u00f3n y Promoci\u00f3n de la Escuela T\u00e9cnica de Aeron\u00e1utica, con el objetivo de dar a conocer informaci\u00f3n detallada respecto a las carreras dentro de la escuela, postulaci\u00f3n, desarrollo profesional, para que nuestros estudiantes de 4tos medios la consideren como otra de sus opciones acad\u00e9micas en la educaci\u00f3n superior.<\/p>\n<p>Esta actividad se enmarca dentro del proceso de charlas vocacionales dirigidas a nuestros estudiantes de cuartos medios. <a href=\"https:\/\/photos.google.com\/share\/AF1QipNQFXAmG8IbyGZ4bKEyUD7Y3AAmPwGo-QrtNLW1_4ftDGQfoae7Nxb6r_osP6JIcg?key=MnQ1Ukl5VHdHNkVDTlBkZHhoTlFWX19lZXZWX3d3\">ver fotos<\/a><\/p>\n","protected":false},"excerpt":{"rendered":"<p>El 26 de septiembre nos visit\u00f3 personal de Difusi\u00f3n y Promoci\u00f3n de la Escuela T\u00e9cnica de Aeron\u00e1utica, con el objetivo de dar a conocer informaci\u00f3n detallada respecto a las carreras dentro de la escuela, postulaci\u00f3n, desarrollo profesional, para que nuestros estudiantes de 4tos medios la consideren como otra de sus opciones acad\u00e9micas en la educaci\u00f3n&hellip;<\/p>\n","protected":false},"author":1,"featured_media":1261,"comment_status":"closed","ping_status":"closed","sticky":false,"template":"","format":"standard","meta":[],"categories":[4],"tags":[],"_links":{"self":[{"href":"http:\/\/sanignacioconcepcion.cl\/sitio\/wp-json\/wp\/v2\/posts\/1260"}],"collection":[{"href":"http:\/\/sanignacioconcepcion.cl\/sitio\/wp-json\/wp\/v2\/posts"}],"about":[{"href":"http:\/\/sanignacioconcepcion.cl\/sitio\/wp-json\/wp\/v2\/types\/post"}],"author":[{"embeddable":true,"href":"http:\/\/sanignacioconcepcion.cl\/sitio\/wp-json\/wp\/v2\/users\/1"}],"replies":[{"embeddable":true,"href":"http:\/\/sanignacioconcepcion.cl\/sitio\/wp-json\/wp\/v2\/comments?post=1260"}],"version-history":[{"count":1,"href":"http:\/\/sanignacioconcepcion.cl\/sitio\/wp-json\/wp\/v2\/posts\/1260\/revisions"}],"predecessor-version":[{"id":1262,"href":"http:\/\/sanignacioconcepcion.cl\/sitio\/wp-json\/wp\/v2\/posts\/1260\/revisions\/1262"}],"wp:featuredmedia":[{"embeddable":true,"href":"http:\/\/sanignacioconcepcion.cl\/sitio\/wp-json\/wp\/v2\/media\/1261"}],"wp:attachment":[{"href":"http:\/\/sanignacioconcepcion.cl\/sitio\/wp-json\/wp\/v2\/media?parent=1260"}],"wp:term":[{"taxonomy":"category","embeddable":true,"href":"http:\/\/sanignacioconcepcion.cl\/sitio\/wp-json\/wp\/v2\/categories?post=1260"},{"taxonomy":"post_tag","embeddable":true,"href":"http:\/\/sanignacioconcepcion.cl\/sitio\/wp-json\/wp\/v2\/tags?post=1260"}],"curies":[{"name":"wp","href":"https:\/\/api.w.org\/{rel}","templated":true}]}}