{"id":1263,"date":"2019-09-16T19:41:15","date_gmt":"2019-09-16T19:41:15","guid":{"rendered":"http:\/\/movilia.cl\/sanignacio\/?p=1263"},"modified":"2019-11-08T19:42:40","modified_gmt":"2019-11-08T19:42:40","slug":"conaf-realiza-charla-sobre-el-cuidado-de-los-bosques-y-la-vegetacion","status":"publish","type":"post","link":"http:\/\/sanignacioconcepcion.cl\/sitio\/conaf-realiza-charla-sobre-el-cuidado-de-los-bosques-y-la-vegetacion\/","title":{"rendered":"CONAF realiza charla sobre el cuidado de los bosques y la vegetaci\u00f3n"},"content":{"rendered":"<p>El pasado 6 de septiembre, nos visit\u00f3 personal de la Conaf con el objetivo de motivar e inculcar en nuestros estudiantes el cuidado de los bosques y la vegetaci\u00f3n.<\/p>\n<p>En esta charla participaron estudiantes de 7C y 7 B, donde el profesional de la Conaf, Sr. Guido Olate, entreg\u00f3 informaci\u00f3n relevante sobre el cuidado y protecci\u00f3n de los \u00e1rboles, se\u00f1alando que son \u00abla generaci\u00f3n que puede producir el cambio\u00bb. En la oportunidad, nos dio a conocer las especies con las cuales trabaja la conaf, y la labor fundamental de embellecimiento que cumplen en nuestra regi\u00f3n y a nivel nacional.<\/p>\n<p>Durante la charla se nos invit\u00f3 a promover una conducta de protecci\u00f3n y respeto hacia los ecosistemas forestales, dando \u00e9nfasis a la prevenci\u00f3n de los incendios.<\/p>\n","protected":false},"excerpt":{"rendered":"<p>El pasado 6 de septiembre, nos visit\u00f3 personal de la Conaf con el objetivo de motivar e inculcar en nuestros estudiantes el cuidado de los bosques y la vegetaci\u00f3n. En esta charla participaron estudiantes de 7C y 7 B, donde el profesional de la Conaf, Sr. Guido Olate, entreg\u00f3 informaci\u00f3n relevante sobre el cuidado y&hellip;<\/p>\n","protected":false},"author":1,"featured_media":1265,"comment_status":"closed","ping_status":"closed","sticky":false,"template":"","format":"standard","meta":[],"categories":[4],"tags":[],"_links":{"self":[{"href":"http:\/\/sanignacioconcepcion.cl\/sitio\/wp-json\/wp\/v2\/posts\/1263"}],"collection":[{"href":"http:\/\/sanignacioconcepcion.cl\/sitio\/wp-json\/wp\/v2\/posts"}],"about":[{"href":"http:\/\/sanignacioconcepcion.cl\/sitio\/wp-json\/wp\/v2\/types\/post"}],"author":[{"embeddable":true,"href":"http:\/\/sanignacioconcepcion.cl\/sitio\/wp-json\/wp\/v2\/users\/1"}],"replies":[{"embeddable":true,"href":"http:\/\/sanignacioconcepcion.cl\/sitio\/wp-json\/wp\/v2\/comments?post=1263"}],"version-history":[{"count":1,"href":"http:\/\/sanignacioconcepcion.cl\/sitio\/wp-json\/wp\/v2\/posts\/1263\/revisions"}],"predecessor-version":[{"id":1264,"href":"http:\/\/sanignacioconcepcion.cl\/sitio\/wp-json\/wp\/v2\/posts\/1263\/revisions\/1264"}],"wp:featuredmedia":[{"embeddable":true,"href":"http:\/\/sanignacioconcepcion.cl\/sitio\/wp-json\/wp\/v2\/media\/1265"}],"wp:attachment":[{"href":"http:\/\/sanignacioconcepcion.cl\/sitio\/wp-json\/wp\/v2\/media?parent=1263"}],"wp:term":[{"taxonomy":"category","embeddable":true,"href":"http:\/\/sanignacioconcepcion.cl\/sitio\/wp-json\/wp\/v2\/categories?post=1263"},{"taxonomy":"post_tag","embeddable":true,"href":"http:\/\/sanignacioconcepcion.cl\/sitio\/wp-json\/wp\/v2\/tags?post=1263"}],"curies":[{"name":"wp","href":"https:\/\/api.w.org\/{rel}","templated":true}]}}