{"id":1355,"date":"2019-10-30T20:39:09","date_gmt":"2019-10-30T20:39:09","guid":{"rendered":"http:\/\/movilia.cl\/sanignacio\/?p=1355"},"modified":"2019-12-09T20:39:54","modified_gmt":"2019-12-09T20:39:54","slug":"noche-de-las-artes","status":"publish","type":"post","link":"http:\/\/sanignacioconcepcion.cl\/sitio\/noche-de-las-artes\/","title":{"rendered":"Noche de las artes"},"content":{"rendered":"<p>El pasado 11 de octubre disfrutamos de una nueva versi\u00f3n de las Noches de la Artes, una puesta en escena de alumnos y alumnas que sorprendi\u00f3 a todos los presentes y que nos transport\u00f3 a la segunda mitad de Chile del siglo XIX, periodo de auge de la industria salitrera, e inicio, tambi\u00e9n, de la problem\u00e1tica social del sector obrero. <\/p>\n<p>Este a\u00f1o la actividad se titul\u00f3 \u00abEl C(D)olor de la Pampa, la tierra ser\u00e1 de todos\u00bb, donde lo musical se centr\u00f3 en algunas partes de la \u00abCantata Santa Mar\u00eda de Iquique\u00bb, obra instrumental y vocal que fue compuesta por Luis Advis a fines de 1969.<\/p>\n<p>En tanto las propuestas pl\u00e1sticas de los alumnos\/as de la secci\u00f3n de Artes Visuales fueron el resultado de un proceso de investigaci\u00f3n acerca de la tem\u00e1tica \u00abMovimientos Sociales del Siglo XX\u00bb y utilizaron tambi\u00e9n como inspiraci\u00f3n para dise\u00f1ar y confeccionar sus proyectos, la \u00abCantata Santa Mar\u00eda de Iquique\u00bb.<\/p>\n<p>El texto de la Cantata da cuenta de la masacre ocurrida en la Escuela Santa Mar\u00eda de Iquique el 21 de diciembre de 1907, ese d\u00eda un n\u00famero aproximado de 3.600 personas, que se encontraban en huelga general y estaban alojadas junto a sus familias en el interior de la \u201cEscuela Santa Mar\u00eda\u201d en la ciudad de Iquique, fueron asesinadas por unidades militares del ej\u00e9rcito chileno.<\/p>\n<p>Al finalizar esta notable presentaci\u00f3n, los asistentes pudieron disfrutar de cada trabajo pl\u00e1stico junto a sus autores.<\/p>\n<p>La Noche de las Artes, en la puesta en escena del trabajo realizado durante los cuatro a\u00f1o de los electivos de artes visuales y musicales. Felicitaciones a nuestros alumnos y docentes por el trabajo, la entrega, compromiso y la calidad de los trabajos presentados. <a href=\"https:\/\/photos.google.com\/share\/AF1QipPTsogpDT2U0a6oShknIMeAMD6AqcjtIVV0d4I_Jg-0MCwz8D0widhpbUF_SBv2uA?key=QU9yQzJIRkN2bjJCUVZwRnBLdGtXNGoxX0tFN0dB\">ver fotos<\/a><\/p>\n","protected":false},"excerpt":{"rendered":"<p>El pasado 11 de octubre disfrutamos de una nueva versi\u00f3n de las Noches de la Artes, una puesta en escena de alumnos y alumnas que sorprendi\u00f3 a todos los presentes y que nos transport\u00f3 a la segunda mitad de Chile del siglo XIX, periodo de auge de la industria salitrera, e inicio, tambi\u00e9n, de la&hellip;<\/p>\n","protected":false},"author":1,"featured_media":1356,"comment_status":"closed","ping_status":"closed","sticky":false,"template":"","format":"standard","meta":[],"categories":[4],"tags":[],"_links":{"self":[{"href":"http:\/\/sanignacioconcepcion.cl\/sitio\/wp-json\/wp\/v2\/posts\/1355"}],"collection":[{"href":"http:\/\/sanignacioconcepcion.cl\/sitio\/wp-json\/wp\/v2\/posts"}],"about":[{"href":"http:\/\/sanignacioconcepcion.cl\/sitio\/wp-json\/wp\/v2\/types\/post"}],"author":[{"embeddable":true,"href":"http:\/\/sanignacioconcepcion.cl\/sitio\/wp-json\/wp\/v2\/users\/1"}],"replies":[{"embeddable":true,"href":"http:\/\/sanignacioconcepcion.cl\/sitio\/wp-json\/wp\/v2\/comments?post=1355"}],"version-history":[{"count":1,"href":"http:\/\/sanignacioconcepcion.cl\/sitio\/wp-json\/wp\/v2\/posts\/1355\/revisions"}],"predecessor-version":[{"id":1357,"href":"http:\/\/sanignacioconcepcion.cl\/sitio\/wp-json\/wp\/v2\/posts\/1355\/revisions\/1357"}],"wp:featuredmedia":[{"embeddable":true,"href":"http:\/\/sanignacioconcepcion.cl\/sitio\/wp-json\/wp\/v2\/media\/1356"}],"wp:attachment":[{"href":"http:\/\/sanignacioconcepcion.cl\/sitio\/wp-json\/wp\/v2\/media?parent=1355"}],"wp:term":[{"taxonomy":"category","embeddable":true,"href":"http:\/\/sanignacioconcepcion.cl\/sitio\/wp-json\/wp\/v2\/categories?post=1355"},{"taxonomy":"post_tag","embeddable":true,"href":"http:\/\/sanignacioconcepcion.cl\/sitio\/wp-json\/wp\/v2\/tags?post=1355"}],"curies":[{"name":"wp","href":"https:\/\/api.w.org\/{rel}","templated":true}]}}