{"id":1358,"date":"2019-11-04T20:45:20","date_gmt":"2019-11-04T20:45:20","guid":{"rendered":"http:\/\/movilia.cl\/sanignacio\/?p=1358"},"modified":"2019-12-09T20:45:38","modified_gmt":"2019-12-09T20:45:38","slug":"jornada-cultural-de-reflexion-y-conversatorios-en-torno-a-la-crisis-social-en-chile","status":"publish","type":"post","link":"http:\/\/sanignacioconcepcion.cl\/sitio\/jornada-cultural-de-reflexion-y-conversatorios-en-torno-a-la-crisis-social-en-chile\/","title":{"rendered":"Jornada cultural de reflexi\u00f3n y conversatorios en torno a la crisis social en Chile"},"content":{"rendered":"<p>Producto de la crisis social que afecta a nuestro pa\u00eds desde el pasado 18 de octubre, los ignacianos\/as no hemos reunido en torno a diversas actividades que buscan generar espacios de conversaci\u00f3n con el prop\u00f3sito de escuchar y reflexionar sobre los grandes temas del pa\u00eds y los propios de nuestro colegio<\/p>\n<p>En este contexto, hemos sido part\u00edcipes de manifestaciones culturales, conversatorios que han abordado las diversas tem\u00e1ticas sobre las demandas nacionales entre ellas; AFP, salud, educaci\u00f3n, entre otras. As\u00ed como tambi\u00e9n la elaboraci\u00f3n de pancartas en relaci\u00f3n a c\u00f3mo han vivido, lo m\u00e1s peque\u00f1os, estos d\u00edas tan dif\u00edciles para nuestra sociedad.<\/p>\n<p>Han sido d\u00edas complejos, pero esperamos que este proceso nos ayude a fortalecer nuestra identidad comunitaria y generar conclusiones que nos lleven a plasmar la ignacianidad en nuestro modo de proceder.<\/p>\n<p>Compartimos con ustedes im\u00e1genes de estas jornadas: <a href=\"https:\/\/photos.google.com\/share\/AF1QipPWw9RB-bWj2oRrKtpasOHU-o5mM17NIvYiV7ZJAdUDgk5yxwGlpC20bDMGjGTT6Q?key=Z3NfR1BObFVQUXhOUUZfWHRVQUI0WFJXTU10RjBB\">ver fotos<\/a><\/p>\n","protected":false},"excerpt":{"rendered":"<p>Producto de la crisis social que afecta a nuestro pa\u00eds desde el pasado 18 de octubre, los ignacianos\/as no hemos reunido en torno a diversas actividades que buscan generar espacios de conversaci\u00f3n con el prop\u00f3sito de escuchar y reflexionar sobre los grandes temas del pa\u00eds y los propios de nuestro colegio En este contexto, hemos&hellip;<\/p>\n","protected":false},"author":1,"featured_media":1359,"comment_status":"closed","ping_status":"closed","sticky":false,"template":"","format":"standard","meta":[],"categories":[4],"tags":[],"_links":{"self":[{"href":"http:\/\/sanignacioconcepcion.cl\/sitio\/wp-json\/wp\/v2\/posts\/1358"}],"collection":[{"href":"http:\/\/sanignacioconcepcion.cl\/sitio\/wp-json\/wp\/v2\/posts"}],"about":[{"href":"http:\/\/sanignacioconcepcion.cl\/sitio\/wp-json\/wp\/v2\/types\/post"}],"author":[{"embeddable":true,"href":"http:\/\/sanignacioconcepcion.cl\/sitio\/wp-json\/wp\/v2\/users\/1"}],"replies":[{"embeddable":true,"href":"http:\/\/sanignacioconcepcion.cl\/sitio\/wp-json\/wp\/v2\/comments?post=1358"}],"version-history":[{"count":1,"href":"http:\/\/sanignacioconcepcion.cl\/sitio\/wp-json\/wp\/v2\/posts\/1358\/revisions"}],"predecessor-version":[{"id":1360,"href":"http:\/\/sanignacioconcepcion.cl\/sitio\/wp-json\/wp\/v2\/posts\/1358\/revisions\/1360"}],"wp:featuredmedia":[{"embeddable":true,"href":"http:\/\/sanignacioconcepcion.cl\/sitio\/wp-json\/wp\/v2\/media\/1359"}],"wp:attachment":[{"href":"http:\/\/sanignacioconcepcion.cl\/sitio\/wp-json\/wp\/v2\/media?parent=1358"}],"wp:term":[{"taxonomy":"category","embeddable":true,"href":"http:\/\/sanignacioconcepcion.cl\/sitio\/wp-json\/wp\/v2\/categories?post=1358"},{"taxonomy":"post_tag","embeddable":true,"href":"http:\/\/sanignacioconcepcion.cl\/sitio\/wp-json\/wp\/v2\/tags?post=1358"}],"curies":[{"name":"wp","href":"https:\/\/api.w.org\/{rel}","templated":true}]}}