{"id":1361,"date":"2019-11-11T20:52:18","date_gmt":"2019-11-11T20:52:18","guid":{"rendered":"http:\/\/movilia.cl\/sanignacio\/?p=1361"},"modified":"2019-12-09T20:52:32","modified_gmt":"2019-12-09T20:52:32","slug":"despedida-y-misa-ceremonia-de-la-firma-del-libro-4to-medio","status":"publish","type":"post","link":"http:\/\/sanignacioconcepcion.cl\/sitio\/despedida-y-misa-ceremonia-de-la-firma-del-libro-4to-medio\/","title":{"rendered":"Despedida y misa\/ceremonia de la firma del libro &#8211; 4to medio"},"content":{"rendered":"<p>El pasado 6 de noviembre se realiz\u00f3 la Misa y participaron de la tradicional firma del libro de nuestros cuartos medios. Fueron d\u00edas intensos, que son el cierre de esta etapa en la vida de nuestros ahora exalumnos\/as.<\/p>\n<p>La misa fue presidida por el Padre Juan Pablo Valenzuela SJ, instancia en que estuvieron acompa\u00f1ados por sus familias docentes y directivos del Colegio. Esta, es la \u00faltima misa en que nuestros alumnos y alumnas participan como tal.<\/p>\n<p>Posteriormente, el viernes 08 de noviembre, toda la comunidad de estudiantes y funcionarios se reuni\u00f3 para despedir a nuestros ahora, ex alumnos. La emotiva jornada comenz\u00f3 en el sector del Ciclo Loyola, continuando por las instalaciones del colegio donde se form\u00f3 un pasillo repleto de estudiantes y colaboradores que vieron desfilar a los 126 alumnos\/as, quienes muy emocionados recibieron el cari\u00f1o de sus compa\u00f1eros, profesores y funcionarios de nuestro colegio.<\/p>\n<p><a href=\"https:\/\/photos.google.com\/share\/AF1QipM9i2tofLRgd7HZYGr6roxGsapNOMK81PW-heKt1B8FFLMdHXqqv1mhkjNJUSCs4g?key=bWdXU2RlclpfQlJ2UHhRV2EzRE94cUVPYWIwUG5B\">Fotos Misa y ceremonia firma de libro<\/a><br \/>\n<a href=\"https:\/\/photos.google.com\/share\/AF1QipNPOhSO9CK0gC0fN6F8P1_OUjtw0MqmcI_OUcIbkDwJZ6IJGRJyNpWSjAgpGVAlYQ?key=Smt6WlAzVF96b3ZlUlhDeUlSWjJWbWRpS3pvOHR3\">Fotos Despedida cuartos medios<\/a><\/p>\n","protected":false},"excerpt":{"rendered":"<p>El pasado 6 de noviembre se realiz\u00f3 la Misa y participaron de la tradicional firma del libro de nuestros cuartos medios. Fueron d\u00edas intensos, que son el cierre de esta etapa en la vida de nuestros ahora exalumnos\/as. La misa fue presidida por el Padre Juan Pablo Valenzuela SJ, instancia en que estuvieron acompa\u00f1ados por&hellip;<\/p>\n","protected":false},"author":1,"featured_media":1362,"comment_status":"closed","ping_status":"closed","sticky":false,"template":"","format":"standard","meta":[],"categories":[4],"tags":[],"_links":{"self":[{"href":"http:\/\/sanignacioconcepcion.cl\/sitio\/wp-json\/wp\/v2\/posts\/1361"}],"collection":[{"href":"http:\/\/sanignacioconcepcion.cl\/sitio\/wp-json\/wp\/v2\/posts"}],"about":[{"href":"http:\/\/sanignacioconcepcion.cl\/sitio\/wp-json\/wp\/v2\/types\/post"}],"author":[{"embeddable":true,"href":"http:\/\/sanignacioconcepcion.cl\/sitio\/wp-json\/wp\/v2\/users\/1"}],"replies":[{"embeddable":true,"href":"http:\/\/sanignacioconcepcion.cl\/sitio\/wp-json\/wp\/v2\/comments?post=1361"}],"version-history":[{"count":1,"href":"http:\/\/sanignacioconcepcion.cl\/sitio\/wp-json\/wp\/v2\/posts\/1361\/revisions"}],"predecessor-version":[{"id":1363,"href":"http:\/\/sanignacioconcepcion.cl\/sitio\/wp-json\/wp\/v2\/posts\/1361\/revisions\/1363"}],"wp:featuredmedia":[{"embeddable":true,"href":"http:\/\/sanignacioconcepcion.cl\/sitio\/wp-json\/wp\/v2\/media\/1362"}],"wp:attachment":[{"href":"http:\/\/sanignacioconcepcion.cl\/sitio\/wp-json\/wp\/v2\/media?parent=1361"}],"wp:term":[{"taxonomy":"category","embeddable":true,"href":"http:\/\/sanignacioconcepcion.cl\/sitio\/wp-json\/wp\/v2\/categories?post=1361"},{"taxonomy":"post_tag","embeddable":true,"href":"http:\/\/sanignacioconcepcion.cl\/sitio\/wp-json\/wp\/v2\/tags?post=1361"}],"curies":[{"name":"wp","href":"https:\/\/api.w.org\/{rel}","templated":true}]}}