{"id":1364,"date":"2019-11-15T20:57:47","date_gmt":"2019-11-15T20:57:47","guid":{"rendered":"http:\/\/movilia.cl\/sanignacio\/?p=1364"},"modified":"2019-12-09T20:58:04","modified_gmt":"2019-12-09T20:58:04","slug":"primeras-comuniones","status":"publish","type":"post","link":"http:\/\/sanignacioconcepcion.cl\/sitio\/primeras-comuniones\/","title":{"rendered":"Primeras comuniones"},"content":{"rendered":"<p>El 10 de noviembre 78 ni\u00f1os\/as y 4 adultos realizaron su Primera Comuni\u00f3n.<\/p>\n<p>Esta es la primera participaci\u00f3n de forma plena en la Eucarist\u00eda al hacer su Primera Comuni\u00f3n Sacramental, instancia donde recibieron el cuerpo y sangre de Jesucristo, luego de una preparaci\u00f3n durante dos a\u00f1os en Catequesis.<\/p>\n<p>La actividad se realiz\u00f3 en la capilla de nuestro Colegio, cuya eucarist\u00eda fue presidida por el Padre Juan Pablo Valenzuela SJ.<\/p>\n<p>Compartimos con ustedes las im\u00e1genes que nos dej\u00f3 esta emotiva misa: <a href=\"https:\/\/photos.google.com\/share\/AF1QipOBxQBlM6kA6aB4EA2E6YbISOqRwsdVQ5vz4ro6KN940UbFoysIzx6yKpxN-Cl_IQ?key=bnhsbVlSZTdBSXNaNE0yaTdOQVNQMXByRmFITDJn\">ver fotos<\/a><\/p>\n","protected":false},"excerpt":{"rendered":"<p>El 10 de noviembre 78 ni\u00f1os\/as y 4 adultos realizaron su Primera Comuni\u00f3n. Esta es la primera participaci\u00f3n de forma plena en la Eucarist\u00eda al hacer su Primera Comuni\u00f3n Sacramental, instancia donde recibieron el cuerpo y sangre de Jesucristo, luego de una preparaci\u00f3n durante dos a\u00f1os en Catequesis. La actividad se realiz\u00f3 en la capilla&hellip;<\/p>\n","protected":false},"author":1,"featured_media":1365,"comment_status":"closed","ping_status":"closed","sticky":false,"template":"","format":"standard","meta":[],"categories":[4],"tags":[],"_links":{"self":[{"href":"http:\/\/sanignacioconcepcion.cl\/sitio\/wp-json\/wp\/v2\/posts\/1364"}],"collection":[{"href":"http:\/\/sanignacioconcepcion.cl\/sitio\/wp-json\/wp\/v2\/posts"}],"about":[{"href":"http:\/\/sanignacioconcepcion.cl\/sitio\/wp-json\/wp\/v2\/types\/post"}],"author":[{"embeddable":true,"href":"http:\/\/sanignacioconcepcion.cl\/sitio\/wp-json\/wp\/v2\/users\/1"}],"replies":[{"embeddable":true,"href":"http:\/\/sanignacioconcepcion.cl\/sitio\/wp-json\/wp\/v2\/comments?post=1364"}],"version-history":[{"count":1,"href":"http:\/\/sanignacioconcepcion.cl\/sitio\/wp-json\/wp\/v2\/posts\/1364\/revisions"}],"predecessor-version":[{"id":1366,"href":"http:\/\/sanignacioconcepcion.cl\/sitio\/wp-json\/wp\/v2\/posts\/1364\/revisions\/1366"}],"wp:featuredmedia":[{"embeddable":true,"href":"http:\/\/sanignacioconcepcion.cl\/sitio\/wp-json\/wp\/v2\/media\/1365"}],"wp:attachment":[{"href":"http:\/\/sanignacioconcepcion.cl\/sitio\/wp-json\/wp\/v2\/media?parent=1364"}],"wp:term":[{"taxonomy":"category","embeddable":true,"href":"http:\/\/sanignacioconcepcion.cl\/sitio\/wp-json\/wp\/v2\/categories?post=1364"},{"taxonomy":"post_tag","embeddable":true,"href":"http:\/\/sanignacioconcepcion.cl\/sitio\/wp-json\/wp\/v2\/tags?post=1364"}],"curies":[{"name":"wp","href":"https:\/\/api.w.org\/{rel}","templated":true}]}}