{"id":1367,"date":"2019-11-22T21:00:25","date_gmt":"2019-11-22T21:00:25","guid":{"rendered":"http:\/\/movilia.cl\/sanignacio\/?p=1367"},"modified":"2019-12-09T21:00:47","modified_gmt":"2019-12-09T21:00:47","slug":"licenciatura-2019","status":"publish","type":"post","link":"http:\/\/sanignacioconcepcion.cl\/sitio\/licenciatura-2019\/","title":{"rendered":"Licenciatura 2019"},"content":{"rendered":"<p>Hemos visto partir una nueva generaci\u00f3n de 126 ignacianos, que un d\u00eda entraron para aprender y que el pasado 15 de noviembre, llenos de esperanza, salieron para servir.<\/p>\n<p>La ceremonia de licenciatura tuvo lugar en el gimnasio de nuestro Colegio, instancia en que adem\u00e1s de recibir sus licencias, recibieron los crucifijos, sello de formaci\u00f3n en nuestro colegio.<\/p>\n<p>El inicio de esta ceremonia estuvo marcada por un emotivo minuto de silencio por aquellas v\u00edctimas de la represi\u00f3n y la injusticia social en nuestro pa\u00eds, instancia donde cada estudiante se manifest\u00f3 alzando una imagen de los fallecidos desde el inicio del estadillo social por el que atraviesa Chile actualmente.<\/p>\n<p>Posteriormente, se dirigi\u00f3 a nuestros ignacianos, la Rectora, Sra. Ang\u00e9lica Caro, se\u00f1alando en su discurso que; \u00absu despedida no es un hecho aislado, desarraigado o ajeno a la realidad que vivimos, si no que est\u00e1 situado en un HOY, en un contexto sociocultural que marcar\u00e1 con un sello indeleble su<br \/>\ndespedida del colegio y de la vida estudiantil. He sido testigo de la sensibilidad social de muchos de ustedes, y creo firmemente que ser\u00e1n capaces de leer estos acontecimientos en clave de la misi\u00f3n que les corresponde afrontar de aqu\u00ed en adelante\u00bb. \u00abNo teman de llevar la ignacianidad incluso a contracorriente: esa es precisamente la idea!!\u00bb, se\u00f1al\u00f3 al finalizar.<\/p>\n<p>Junto a la entrega de las licencias, en la ceremonia se premi\u00f3 tambi\u00e9n el esfuerzo acad\u00e9mico, art\u00edstico, deportivo, mejor compa\u00f1ero, premio San Alberto Hurtado y el premio al destacado alumno Ignaciano, expresi\u00f3n m\u00e1xima de nuestro proyecto educativo, en  el que se concretan de manera visible nuestros anhelos y esperanzas por una educaci\u00f3n que permita una real transformaci\u00f3n de la sociedad. Esta distinci\u00f3n m\u00e1xima fue para el alumno Gabriel Francisco Morales Sep\u00falveda, del IV\u00b0 medio A.<\/p>\n<p>Al finalizar la actividad, se efectu\u00f3, como es tradicional la ceremonia de la luz, instancia en que el alumno ignaciano Gabriel Morales junto a un estudiante de k\u00ednder, reciben esta luz como signo de fuegos que encienden otros fuegos, hermosa labor de repartirla y multiplicarla por nuevos caminos.<\/p>\n<p>La licenciatura es uno de los momentos m\u00e1s emotivos que llega cargado de recuerdos donde los alumnos(as) ven pasar su vida estudiantil en un par de horas y que marca el fin de una etapa.<\/p>\n<p>Hoy creemos que nuestros alumnos y alumnas, son capaces de formar una sociedad m\u00e1s justa, solidaria y fraterna; amparada por Jes\u00fas y el ejemplo que San Ignacio nos inspira.<\/p>\n<p>No olviden en todo amar y servir\u2026 <a href=\"https:\/\/photos.google.com\/share\/AF1QipN4TRsUVjupQlizFa5ztRXaMwnYquTYxiQFZcs26lz9XoZuY-4C2mSfn80xrFp3yA?key=cFJ4ekg3UnVZay1MczQ3YXMzb3JoVURDYjdaQmpn\">ver fotos<\/a><\/p>\n","protected":false},"excerpt":{"rendered":"<p>Hemos visto partir una nueva generaci\u00f3n de 126 ignacianos, que un d\u00eda entraron para aprender y que el pasado 15 de noviembre, llenos de esperanza, salieron para servir. La ceremonia de licenciatura tuvo lugar en el gimnasio de nuestro Colegio, instancia en que adem\u00e1s de recibir sus licencias, recibieron los crucifijos, sello de formaci\u00f3n en&hellip;<\/p>\n","protected":false},"author":1,"featured_media":1368,"comment_status":"closed","ping_status":"closed","sticky":false,"template":"","format":"standard","meta":[],"categories":[4],"tags":[],"_links":{"self":[{"href":"http:\/\/sanignacioconcepcion.cl\/sitio\/wp-json\/wp\/v2\/posts\/1367"}],"collection":[{"href":"http:\/\/sanignacioconcepcion.cl\/sitio\/wp-json\/wp\/v2\/posts"}],"about":[{"href":"http:\/\/sanignacioconcepcion.cl\/sitio\/wp-json\/wp\/v2\/types\/post"}],"author":[{"embeddable":true,"href":"http:\/\/sanignacioconcepcion.cl\/sitio\/wp-json\/wp\/v2\/users\/1"}],"replies":[{"embeddable":true,"href":"http:\/\/sanignacioconcepcion.cl\/sitio\/wp-json\/wp\/v2\/comments?post=1367"}],"version-history":[{"count":1,"href":"http:\/\/sanignacioconcepcion.cl\/sitio\/wp-json\/wp\/v2\/posts\/1367\/revisions"}],"predecessor-version":[{"id":1369,"href":"http:\/\/sanignacioconcepcion.cl\/sitio\/wp-json\/wp\/v2\/posts\/1367\/revisions\/1369"}],"wp:featuredmedia":[{"embeddable":true,"href":"http:\/\/sanignacioconcepcion.cl\/sitio\/wp-json\/wp\/v2\/media\/1368"}],"wp:attachment":[{"href":"http:\/\/sanignacioconcepcion.cl\/sitio\/wp-json\/wp\/v2\/media?parent=1367"}],"wp:term":[{"taxonomy":"category","embeddable":true,"href":"http:\/\/sanignacioconcepcion.cl\/sitio\/wp-json\/wp\/v2\/categories?post=1367"},{"taxonomy":"post_tag","embeddable":true,"href":"http:\/\/sanignacioconcepcion.cl\/sitio\/wp-json\/wp\/v2\/tags?post=1367"}],"curies":[{"name":"wp","href":"https:\/\/api.w.org\/{rel}","templated":true}]}}