{"id":1370,"date":"2019-11-25T21:02:41","date_gmt":"2019-11-25T21:02:41","guid":{"rendered":"http:\/\/movilia.cl\/sanignacio\/?p=1370"},"modified":"2019-12-09T21:02:54","modified_gmt":"2019-12-09T21:02:54","slug":"jornadas-formativas-y-dialogos-ignacianos","status":"publish","type":"post","link":"http:\/\/sanignacioconcepcion.cl\/sitio\/jornadas-formativas-y-dialogos-ignacianos\/","title":{"rendered":"Jornadas formativas y di\u00e1logos ignacianos"},"content":{"rendered":"<p>Dado el contexto actual y la crisis social que afecta a nuestro pa\u00eds, los ignacianos\/as nos hemos reunido en torno a diversas actividades que buscan generar espacios de conversaci\u00f3n, informaci\u00f3n, participaci\u00f3n y reflexi\u00f3n, denominados \u00abDi\u00e1logos Ignacianos\u00bb, instancias donde la comunidad ha sido part\u00edcipe junto a representantes externos de diferentes instituciones que han abordado las principales tem\u00e1ticas de las demandas sociales.<\/p>\n<p>Esta actividad fue coordinada por la Pastoral de nuestro Colegio, siendo una oportunidad para trabajar en conjunto. De esta forma, nuestros alumnos\/as de ense\u00f1anza media abordaron temas como; salud, educaci\u00f3n, pensiones, constituci\u00f3n, procesos hist\u00f3ricos de Chile, derechos humanos, entre otros, cuyas jornadas consistieron en charlas y posterior reflexi\u00f3n y s\u00edntesis en torno al tema.<\/p>\n<p>Tambi\u00e9n se realiz\u00f3 un cabildo estudiantil (7mo a 3ro medio); \u00abnos reunimos a reflexionar y a pensar en proyectos a futuro para la mejora de nuestro pa\u00eds y as\u00ed dar un aporte con las herramientas que tengamos a mano para poder colaborar\u00bb, se\u00f1al\u00f3 la Presidenta del Centro de Alumnos, Henriette Petit-Breuilh, quienes organizaron dicha actividad.<\/p>\n<p>En tanto nuestros alumnos de los ciclos menores, disfrutaron de jornadas formativas a trav\u00e9s de actividades l\u00fadicas que buscan desarrollar mediante el juego la conducta democr\u00e1tica.<\/p>\n<p>Los alumnos\/as, principalmente de ense\u00f1anza media, agradecieron estos espacios para poder expresar sus opiniones, y sobre todo como instancia de conocimiento. <a href=\"https:\/\/photos.google.com\/share\/AF1QipN-kg3JpIz6HvLGWYgCWu6kL1eKx5mxmAks_eUo29ov5sjJVwH8URIP6DPvrm2rFQ?key=ZFpLSHBNck1ady14WFlPYUxOX3JGUzJXamNwWHR3\">ver fotos<\/a><\/p>\n","protected":false},"excerpt":{"rendered":"<p>Dado el contexto actual y la crisis social que afecta a nuestro pa\u00eds, los ignacianos\/as nos hemos reunido en torno a diversas actividades que buscan generar espacios de conversaci\u00f3n, informaci\u00f3n, participaci\u00f3n y reflexi\u00f3n, denominados \u00abDi\u00e1logos Ignacianos\u00bb, instancias donde la comunidad ha sido part\u00edcipe junto a representantes externos de diferentes instituciones que han abordado las principales&hellip;<\/p>\n","protected":false},"author":1,"featured_media":1371,"comment_status":"closed","ping_status":"closed","sticky":false,"template":"","format":"standard","meta":[],"categories":[4],"tags":[],"_links":{"self":[{"href":"http:\/\/sanignacioconcepcion.cl\/sitio\/wp-json\/wp\/v2\/posts\/1370"}],"collection":[{"href":"http:\/\/sanignacioconcepcion.cl\/sitio\/wp-json\/wp\/v2\/posts"}],"about":[{"href":"http:\/\/sanignacioconcepcion.cl\/sitio\/wp-json\/wp\/v2\/types\/post"}],"author":[{"embeddable":true,"href":"http:\/\/sanignacioconcepcion.cl\/sitio\/wp-json\/wp\/v2\/users\/1"}],"replies":[{"embeddable":true,"href":"http:\/\/sanignacioconcepcion.cl\/sitio\/wp-json\/wp\/v2\/comments?post=1370"}],"version-history":[{"count":1,"href":"http:\/\/sanignacioconcepcion.cl\/sitio\/wp-json\/wp\/v2\/posts\/1370\/revisions"}],"predecessor-version":[{"id":1372,"href":"http:\/\/sanignacioconcepcion.cl\/sitio\/wp-json\/wp\/v2\/posts\/1370\/revisions\/1372"}],"wp:featuredmedia":[{"embeddable":true,"href":"http:\/\/sanignacioconcepcion.cl\/sitio\/wp-json\/wp\/v2\/media\/1371"}],"wp:attachment":[{"href":"http:\/\/sanignacioconcepcion.cl\/sitio\/wp-json\/wp\/v2\/media?parent=1370"}],"wp:term":[{"taxonomy":"category","embeddable":true,"href":"http:\/\/sanignacioconcepcion.cl\/sitio\/wp-json\/wp\/v2\/categories?post=1370"},{"taxonomy":"post_tag","embeddable":true,"href":"http:\/\/sanignacioconcepcion.cl\/sitio\/wp-json\/wp\/v2\/tags?post=1370"}],"curies":[{"name":"wp","href":"https:\/\/api.w.org\/{rel}","templated":true}]}}