{"id":1834,"date":"2021-04-19T00:08:26","date_gmt":"2021-04-19T00:08:26","guid":{"rendered":"http:\/\/sanignacioconcepcion.cl\/sitio\/?p=1834"},"modified":"2021-06-16T15:28:11","modified_gmt":"2021-06-16T15:28:11","slug":"scout-tiene-nuevo-responsable-de-grupo","status":"publish","type":"post","link":"http:\/\/sanignacioconcepcion.cl\/sitio\/scout-tiene-nuevo-responsable-de-grupo\/","title":{"rendered":"Scout tiene nuevo responsable"},"content":{"rendered":"<p>El s\u00e1bado 27 de marzo se realiz\u00f3 el primer Consejo del Grupo Scout San Ignacio de Loyola, que cont\u00f3 con la participaci\u00f3n de la Rectora de nuestro Colegio, Sra. Claudia Messina, instancia donde se efectu\u00f3 la votaci\u00f3n para elegir al nuevo responsable de Grupo y a su vez agradecer al Sr. Pablo Chovar\u00a0por los tres a\u00f1os de entrega y trabajo en este rol. Tras la votaci\u00f3n asumi\u00f3 el cargo el Sr. Alejandro Congreve.<br \/>\nAlejandro pertenece a Scout hace 16 a\u00f1os y a pesar de ser un gran anhelo para \u00e9l, tambi\u00e9n es una enorme responsabilidad guiar al grupo bajo este contexto; \u201dpoder asumir estos desaf\u00edos como Jefe es una gran motivaci\u00f3n. Contamos con un tremendo equipo de dirigentes y guiadoras, al cual estoy muy feliz de liderar y tengo plena confianza en que juntos podemos lograr nuestras metas y hacer esta pandemia un poco m\u00e1s llevadera para nuestros ni\u00f1os\/as y j\u00f3venes\u201d.<br \/>\nEl Grupo Gu\u00edas y Scout San Ignacio de Loyola se est\u00e1 preparando para iniciar sus actividades el\u00a0<strong>s\u00e1bado 17 de abril<\/strong>, \u201c<em>deseando entregar un espacio de formaci\u00f3n y recreaci\u00f3n emocionalmente sano para los ni\u00f1os\/as y j\u00f3venes del grupo, a pesar de las condiciones sanitarias y el encierro que todos estamos\u00a0 viviendo\u201d<\/em>, se\u00f1ala Alejandro.<br \/>\nActualmente el grupo se encuentra trabajando de manera virtual, a trav\u00e9s de la cuenta Zoom facilitada por el Colegio, por lo que el desaf\u00edo es la constante capacitaci\u00f3n en manejo de herramientas online y junto al distrito Concepci\u00f3n trabajan en la preparaci\u00f3n de un protocolo para el retorno seguro a las actividades presenciales, cuando \u00e9stas sean posible.<\/p>\n","protected":false},"excerpt":{"rendered":"<p>El s\u00e1bado 27 de marzo se realiz\u00f3 el primer Consejo del Grupo Scout San Ignacio de Loyola, que cont\u00f3 con la participaci\u00f3n de la Rectora de nuestro Colegio, Sra. Claudia Messina, instancia donde se efectu\u00f3 la votaci\u00f3n para elegir al nuevo responsable de Grupo y a su vez agradecer al Sr. Pablo Chovar\u00a0por los tres&hellip;<\/p>\n","protected":false},"author":1,"featured_media":1835,"comment_status":"closed","ping_status":"closed","sticky":false,"template":"","format":"standard","meta":[],"categories":[4],"tags":[],"_links":{"self":[{"href":"http:\/\/sanignacioconcepcion.cl\/sitio\/wp-json\/wp\/v2\/posts\/1834"}],"collection":[{"href":"http:\/\/sanignacioconcepcion.cl\/sitio\/wp-json\/wp\/v2\/posts"}],"about":[{"href":"http:\/\/sanignacioconcepcion.cl\/sitio\/wp-json\/wp\/v2\/types\/post"}],"author":[{"embeddable":true,"href":"http:\/\/sanignacioconcepcion.cl\/sitio\/wp-json\/wp\/v2\/users\/1"}],"replies":[{"embeddable":true,"href":"http:\/\/sanignacioconcepcion.cl\/sitio\/wp-json\/wp\/v2\/comments?post=1834"}],"version-history":[{"count":2,"href":"http:\/\/sanignacioconcepcion.cl\/sitio\/wp-json\/wp\/v2\/posts\/1834\/revisions"}],"predecessor-version":[{"id":2321,"href":"http:\/\/sanignacioconcepcion.cl\/sitio\/wp-json\/wp\/v2\/posts\/1834\/revisions\/2321"}],"wp:featuredmedia":[{"embeddable":true,"href":"http:\/\/sanignacioconcepcion.cl\/sitio\/wp-json\/wp\/v2\/media\/1835"}],"wp:attachment":[{"href":"http:\/\/sanignacioconcepcion.cl\/sitio\/wp-json\/wp\/v2\/media?parent=1834"}],"wp:term":[{"taxonomy":"category","embeddable":true,"href":"http:\/\/sanignacioconcepcion.cl\/sitio\/wp-json\/wp\/v2\/categories?post=1834"},{"taxonomy":"post_tag","embeddable":true,"href":"http:\/\/sanignacioconcepcion.cl\/sitio\/wp-json\/wp\/v2\/tags?post=1834"}],"curies":[{"name":"wp","href":"https:\/\/api.w.org\/{rel}","templated":true}]}}