{"id":1837,"date":"2021-04-19T00:09:45","date_gmt":"2021-04-19T00:09:45","guid":{"rendered":"http:\/\/sanignacioconcepcion.cl\/sitio\/?p=1837"},"modified":"2021-06-16T15:27:58","modified_gmt":"2021-06-16T15:27:58","slug":"proceso-de-discernimiento-ivo-medio-sacramento-de-la-confirmacion","status":"publish","type":"post","link":"http:\/\/sanignacioconcepcion.cl\/sitio\/proceso-de-discernimiento-ivo-medio-sacramento-de-la-confirmacion\/","title":{"rendered":"Proceso de Discernimiento IV\u00ba medio \u2013 Sacramento de la confirmaci\u00f3n"},"content":{"rendered":"<p>El viernes 9 se dio inicio al proceso de Discernimiento para el Sacramento de la Confirmaci\u00f3n con las y los estudiantes de IV\u00ba medio. Hasta ahora, son 28 estudiantes los que est\u00e1n participando de este encuentro de reflexi\u00f3n y di\u00e1logo en torno a su fe en Dios, para que finalmente, puedan decidir si desean recibir el sacramento de la confirmaci\u00f3n.<br \/>\nA cargo de este proceso, est\u00e1 la Coordinadora de Pastoral del Ciclo Roma, Srta. Pamela Beltr\u00e1n y el P. Juan Pablo Valenzuela SJ, capell\u00e1n del ciclo.<br \/>\nLes recordamos a todos\/as los estudiantes de este nivel que a\u00fan pueden inscribirse para ser parte de esto proceso,\u00a0<strong>hasta el viernes 16 de abril\u00a0<\/strong>con su delegada de pastoral.<br \/>\nPr\u00f3ximo encuentro: viernes 30 de abril, 15:00 h.<\/p>\n","protected":false},"excerpt":{"rendered":"<p>El viernes 9 se dio inicio al proceso de Discernimiento para el Sacramento de la Confirmaci\u00f3n con las y los estudiantes de IV\u00ba medio. Hasta ahora, son 28 estudiantes los que est\u00e1n participando de este encuentro de reflexi\u00f3n y di\u00e1logo en torno a su fe en Dios, para que finalmente, puedan decidir si desean recibir&hellip;<\/p>\n","protected":false},"author":1,"featured_media":1838,"comment_status":"closed","ping_status":"closed","sticky":false,"template":"","format":"standard","meta":[],"categories":[4],"tags":[],"_links":{"self":[{"href":"http:\/\/sanignacioconcepcion.cl\/sitio\/wp-json\/wp\/v2\/posts\/1837"}],"collection":[{"href":"http:\/\/sanignacioconcepcion.cl\/sitio\/wp-json\/wp\/v2\/posts"}],"about":[{"href":"http:\/\/sanignacioconcepcion.cl\/sitio\/wp-json\/wp\/v2\/types\/post"}],"author":[{"embeddable":true,"href":"http:\/\/sanignacioconcepcion.cl\/sitio\/wp-json\/wp\/v2\/users\/1"}],"replies":[{"embeddable":true,"href":"http:\/\/sanignacioconcepcion.cl\/sitio\/wp-json\/wp\/v2\/comments?post=1837"}],"version-history":[{"count":2,"href":"http:\/\/sanignacioconcepcion.cl\/sitio\/wp-json\/wp\/v2\/posts\/1837\/revisions"}],"predecessor-version":[{"id":2320,"href":"http:\/\/sanignacioconcepcion.cl\/sitio\/wp-json\/wp\/v2\/posts\/1837\/revisions\/2320"}],"wp:featuredmedia":[{"embeddable":true,"href":"http:\/\/sanignacioconcepcion.cl\/sitio\/wp-json\/wp\/v2\/media\/1838"}],"wp:attachment":[{"href":"http:\/\/sanignacioconcepcion.cl\/sitio\/wp-json\/wp\/v2\/media?parent=1837"}],"wp:term":[{"taxonomy":"category","embeddable":true,"href":"http:\/\/sanignacioconcepcion.cl\/sitio\/wp-json\/wp\/v2\/categories?post=1837"},{"taxonomy":"post_tag","embeddable":true,"href":"http:\/\/sanignacioconcepcion.cl\/sitio\/wp-json\/wp\/v2\/tags?post=1837"}],"curies":[{"name":"wp","href":"https:\/\/api.w.org\/{rel}","templated":true}]}}