{"id":1840,"date":"2021-04-19T00:10:58","date_gmt":"2021-04-19T00:10:58","guid":{"rendered":"http:\/\/sanignacioconcepcion.cl\/sitio\/?p=1840"},"modified":"2021-06-16T15:27:37","modified_gmt":"2021-06-16T15:27:37","slug":"mej-inicio-sus-actividades","status":"publish","type":"post","link":"http:\/\/sanignacioconcepcion.cl\/sitio\/mej-inicio-sus-actividades\/","title":{"rendered":"MEJ inici\u00f3 sus actividades"},"content":{"rendered":"<p>El s\u00e1bado 10 de abril comenzaron a desarrollarse las actividades del Movimiento Eucar\u00edstico Juvenil (MEJ), encuentro donde los presentes disfrutaron de momentos de oraci\u00f3n, pruebas flash, juegos y mucho m\u00e1s.<\/p>\n<p>Con gran entusiasmo y motivaci\u00f3n se reunieron los 61 ni\u00f1os\/as de todos los cursos, muchos de ellos\/a se integraron por primera vez al MEJ.<\/p>\n<p>Las inscripciones siguen abiertas para que ni\u00f1os\/as y monitores puedan unirse al movimiento. Contacto:\u00a0<a href=\"&#109;&#x61;&#105;&#x6c;&#116;&#x6f;:&#x6d;e&#106;&#x40;&#99;&#x6f;&#108;&#x65;g&#x69;o&#115;&#x69;&#99;&#x2e;&#99;&#x6c;\">&#x6d;&#x65;&#x6a;&#x40;&#99;&#111;&#108;eg&#x69;&#x6f;&#x73;&#x69;&#x63;&#46;&#99;&#108;<\/a><\/p>\n","protected":false},"excerpt":{"rendered":"<p>El s\u00e1bado 10 de abril comenzaron a desarrollarse las actividades del Movimiento Eucar\u00edstico Juvenil (MEJ), encuentro donde los presentes disfrutaron de momentos de oraci\u00f3n, pruebas flash, juegos y mucho m\u00e1s. Con gran entusiasmo y motivaci\u00f3n se reunieron los 61 ni\u00f1os\/as de todos los cursos, muchos de ellos\/a se integraron por primera vez al MEJ. Las&hellip;<\/p>\n","protected":false},"author":1,"featured_media":1841,"comment_status":"closed","ping_status":"closed","sticky":false,"template":"","format":"standard","meta":[],"categories":[4],"tags":[],"_links":{"self":[{"href":"http:\/\/sanignacioconcepcion.cl\/sitio\/wp-json\/wp\/v2\/posts\/1840"}],"collection":[{"href":"http:\/\/sanignacioconcepcion.cl\/sitio\/wp-json\/wp\/v2\/posts"}],"about":[{"href":"http:\/\/sanignacioconcepcion.cl\/sitio\/wp-json\/wp\/v2\/types\/post"}],"author":[{"embeddable":true,"href":"http:\/\/sanignacioconcepcion.cl\/sitio\/wp-json\/wp\/v2\/users\/1"}],"replies":[{"embeddable":true,"href":"http:\/\/sanignacioconcepcion.cl\/sitio\/wp-json\/wp\/v2\/comments?post=1840"}],"version-history":[{"count":2,"href":"http:\/\/sanignacioconcepcion.cl\/sitio\/wp-json\/wp\/v2\/posts\/1840\/revisions"}],"predecessor-version":[{"id":2319,"href":"http:\/\/sanignacioconcepcion.cl\/sitio\/wp-json\/wp\/v2\/posts\/1840\/revisions\/2319"}],"wp:featuredmedia":[{"embeddable":true,"href":"http:\/\/sanignacioconcepcion.cl\/sitio\/wp-json\/wp\/v2\/media\/1841"}],"wp:attachment":[{"href":"http:\/\/sanignacioconcepcion.cl\/sitio\/wp-json\/wp\/v2\/media?parent=1840"}],"wp:term":[{"taxonomy":"category","embeddable":true,"href":"http:\/\/sanignacioconcepcion.cl\/sitio\/wp-json\/wp\/v2\/categories?post=1840"},{"taxonomy":"post_tag","embeddable":true,"href":"http:\/\/sanignacioconcepcion.cl\/sitio\/wp-json\/wp\/v2\/tags?post=1840"}],"curies":[{"name":"wp","href":"https:\/\/api.w.org\/{rel}","templated":true}]}}