{"id":2099,"date":"2021-05-19T17:07:35","date_gmt":"2021-05-19T17:07:35","guid":{"rendered":"http:\/\/sanignacioconcepcion.cl\/sitio\/?p=2099"},"modified":"2021-06-16T15:26:50","modified_gmt":"2021-06-16T15:26:50","slug":"ciclo-manresa-tiene-nuevo-centro-de-alumnos-as","status":"publish","type":"post","link":"http:\/\/sanignacioconcepcion.cl\/sitio\/ciclo-manresa-tiene-nuevo-centro-de-alumnos-as\/","title":{"rendered":"Ciclo Manresa tiene nuevo Centro de Alumnos\/as"},"content":{"rendered":"<p>El 13 y 14 de abril se realiz\u00f3 el proceso de votaci\u00f3n para elegir a la nueva Directiva del Centro de Alumnos\/as del Ciclo Manresa.<\/p>\n<p>Estudiantes desde 3ro a 6to b\u00e1sico, votaron online por una de las dos listas que se presentaron para conformar el nuevo CASI Manresa; Lista A, liderada por la alumna Victoria Plaza y Lista B, encabezada por el alumno Alonso Salazar, ambos del 6to b\u00e1sico A.<\/p>\n<p>Fue una votaci\u00f3n bastante estrecha, ambas listas se presentaron con muy buenas propuestas y un gran entusiasmo. En total, se contabilizaron 350 votos,\u00a0<strong>171 para la lista A\u00a0<\/strong>y\u00a0<strong>179 para la lista B<\/strong>, siendo esta \u00faltima, la lista electa.<\/p>\n<p>Para dar a conocer este resultado, se reunieron los integrantes de cada lista junto a la Directora del Ciclo Manresa, Sra. Nilda Ambiado, el Encargado de Convivencia Escolar y asesor del CASI Manresa, Sr. Jos\u00e9 Mora, adem\u00e1s de la profesora jefe del 6to A, Srta. Vianca Palma.<\/p>\n<p>En el encuentro, los estudiantes agradecieron la oportunidad y apoyo de sus compa\u00f1eros. En tanto, el presidente electo, Alonso Salazar se\u00f1al\u00f3 que espera trabajar en conjunto con la lista A; \u201cincluiremos sus ideas porque sabemos que hacer todo esto es dif\u00edcil y espero que puedan aportar con todo lo que quer\u00edan hacer\u201d, quien adem\u00e1s extendi\u00f3 las felicitaciones a sus pares considerando lo justo que estuvieron los votos entre ambas listas.<\/p>\n<p>Agradecimientos a todos los estudiantes que participaron con tanto compromiso y dedicaci\u00f3n.<\/p>\n","protected":false},"excerpt":{"rendered":"<p>El 13 y 14 de abril se realiz\u00f3 el proceso de votaci\u00f3n para elegir a la nueva Directiva del Centro de Alumnos\/as del Ciclo Manresa. Estudiantes desde 3ro a 6to b\u00e1sico, votaron online por una de las dos listas que se presentaron para conformar el nuevo CASI Manresa; Lista A, liderada por la alumna Victoria&hellip;<\/p>\n","protected":false},"author":1,"featured_media":2100,"comment_status":"closed","ping_status":"closed","sticky":false,"template":"","format":"standard","meta":[],"categories":[4],"tags":[],"_links":{"self":[{"href":"http:\/\/sanignacioconcepcion.cl\/sitio\/wp-json\/wp\/v2\/posts\/2099"}],"collection":[{"href":"http:\/\/sanignacioconcepcion.cl\/sitio\/wp-json\/wp\/v2\/posts"}],"about":[{"href":"http:\/\/sanignacioconcepcion.cl\/sitio\/wp-json\/wp\/v2\/types\/post"}],"author":[{"embeddable":true,"href":"http:\/\/sanignacioconcepcion.cl\/sitio\/wp-json\/wp\/v2\/users\/1"}],"replies":[{"embeddable":true,"href":"http:\/\/sanignacioconcepcion.cl\/sitio\/wp-json\/wp\/v2\/comments?post=2099"}],"version-history":[{"count":2,"href":"http:\/\/sanignacioconcepcion.cl\/sitio\/wp-json\/wp\/v2\/posts\/2099\/revisions"}],"predecessor-version":[{"id":2318,"href":"http:\/\/sanignacioconcepcion.cl\/sitio\/wp-json\/wp\/v2\/posts\/2099\/revisions\/2318"}],"wp:featuredmedia":[{"embeddable":true,"href":"http:\/\/sanignacioconcepcion.cl\/sitio\/wp-json\/wp\/v2\/media\/2100"}],"wp:attachment":[{"href":"http:\/\/sanignacioconcepcion.cl\/sitio\/wp-json\/wp\/v2\/media?parent=2099"}],"wp:term":[{"taxonomy":"category","embeddable":true,"href":"http:\/\/sanignacioconcepcion.cl\/sitio\/wp-json\/wp\/v2\/categories?post=2099"},{"taxonomy":"post_tag","embeddable":true,"href":"http:\/\/sanignacioconcepcion.cl\/sitio\/wp-json\/wp\/v2\/tags?post=2099"}],"curies":[{"name":"wp","href":"https:\/\/api.w.org\/{rel}","templated":true}]}}