{"id":2102,"date":"2021-05-19T17:09:57","date_gmt":"2021-05-19T17:09:57","guid":{"rendered":"http:\/\/sanignacioconcepcion.cl\/sitio\/?p=2102"},"modified":"2021-06-16T15:26:28","modified_gmt":"2021-06-16T15:26:28","slug":"celebracion-mes-del-libro","status":"publish","type":"post","link":"http:\/\/sanignacioconcepcion.cl\/sitio\/celebracion-mes-del-libro\/","title":{"rendered":"Celebraci\u00f3n Mes del Libro"},"content":{"rendered":"<p>Dentro del marco de la Celebraci\u00f3n del Mes del Libro, tuvimos una semana llena de actividades, todas ellas, organizadas por los profesores de Lenguaje de nuestro Colegio.<\/p>\n<p><strong>Charla \u201cLos primeros libros Jesu\u00edticos en Chile\u201d:<\/strong>\u00a0El 20 de abril, estudiantes del taller de literatura (Ciclo Roma), participaron de esta charla realizada por la profesora Nataly Cancino, sobre las relaciones que se establecieron entre las lenguas y los hablantes en la \u00e9poca colonial, centr\u00e1ndose en las lenguas ind\u00edgenas, con \u00e9nfasis en los primeros libros de descripci\u00f3n lexicogr\u00e1ficas y gramatical de estas.<\/p>\n<p><strong>\u201cCarmen del Pino: la segunda mujer fusilada en Chile\u201d:\u00a0<\/strong>Actividad de la cual participaron estudiantes de 1ro y 2do medio. La charla, realizada el 20 de abril, estuvo a cargo del escritor regional, Alejandro Ruiz, quien present\u00f3 su Libro \u00abCarmen del Pino: la segunda mujer fusilada en Chile\u201d. Posteriormente, se gener\u00f3 un di\u00e1logo respecto del conocimiento de las leyendas rurales y la escritura de obras dram\u00e1ticas en comparaci\u00f3n con la narrativa.<\/p>\n<p><strong>Escribamos algo loco, Talleres de escritura creativa:<\/strong>\u00a023 de abril. Estudiantes de 6to, 8vo y 2do medio, participaron de esta actividad dirigida por monitores de pr\u00e1ctica avanzada de pedagog\u00eda en espa\u00f1ol de la Universidad de Concepci\u00f3n. En el taller, se abordaron t\u00e9cnicas literarias contempor\u00e1neas en el marco de la escritura creativa.<\/p>\n<p>Fueron tres grupos, donde cada uno construy\u00f3 un relato de manera colaborativa, en la que cambiaron finales de historias conocidas y mezclaron personajes de distintos mundos literarios.<\/p>\n<p><strong>\u201cVen, te quiero contar una historia\u201d, Sesi\u00f3n de Cuentacuentos:<\/strong>\u00a023 de abril. Estudiantes del Ciclo Loyola participaron de una entretenida actividad de cuentacuentos, realizada por la profesora Alejandra Bustos. Cerca de 400 estudiantes disfrutaron del cuento La Cigarra y la Hormiga, para finalizar la actividad con un dibujo sobre lo que les gustar\u00eda regalarle a la cigarra.<\/p>\n","protected":false},"excerpt":{"rendered":"<p>Dentro del marco de la Celebraci\u00f3n del Mes del Libro, tuvimos una semana llena de actividades, todas ellas, organizadas por los profesores de Lenguaje de nuestro Colegio. Charla \u201cLos primeros libros Jesu\u00edticos en Chile\u201d:\u00a0El 20 de abril, estudiantes del taller de literatura (Ciclo Roma), participaron de esta charla realizada por la profesora Nataly Cancino, sobre&hellip;<\/p>\n","protected":false},"author":1,"featured_media":2103,"comment_status":"closed","ping_status":"closed","sticky":false,"template":"","format":"standard","meta":[],"categories":[4],"tags":[],"_links":{"self":[{"href":"http:\/\/sanignacioconcepcion.cl\/sitio\/wp-json\/wp\/v2\/posts\/2102"}],"collection":[{"href":"http:\/\/sanignacioconcepcion.cl\/sitio\/wp-json\/wp\/v2\/posts"}],"about":[{"href":"http:\/\/sanignacioconcepcion.cl\/sitio\/wp-json\/wp\/v2\/types\/post"}],"author":[{"embeddable":true,"href":"http:\/\/sanignacioconcepcion.cl\/sitio\/wp-json\/wp\/v2\/users\/1"}],"replies":[{"embeddable":true,"href":"http:\/\/sanignacioconcepcion.cl\/sitio\/wp-json\/wp\/v2\/comments?post=2102"}],"version-history":[{"count":2,"href":"http:\/\/sanignacioconcepcion.cl\/sitio\/wp-json\/wp\/v2\/posts\/2102\/revisions"}],"predecessor-version":[{"id":2317,"href":"http:\/\/sanignacioconcepcion.cl\/sitio\/wp-json\/wp\/v2\/posts\/2102\/revisions\/2317"}],"wp:featuredmedia":[{"embeddable":true,"href":"http:\/\/sanignacioconcepcion.cl\/sitio\/wp-json\/wp\/v2\/media\/2103"}],"wp:attachment":[{"href":"http:\/\/sanignacioconcepcion.cl\/sitio\/wp-json\/wp\/v2\/media?parent=2102"}],"wp:term":[{"taxonomy":"category","embeddable":true,"href":"http:\/\/sanignacioconcepcion.cl\/sitio\/wp-json\/wp\/v2\/categories?post=2102"},{"taxonomy":"post_tag","embeddable":true,"href":"http:\/\/sanignacioconcepcion.cl\/sitio\/wp-json\/wp\/v2\/tags?post=2102"}],"curies":[{"name":"wp","href":"https:\/\/api.w.org\/{rel}","templated":true}]}}