{"id":2108,"date":"2021-05-19T17:19:06","date_gmt":"2021-05-19T17:19:06","guid":{"rendered":"http:\/\/sanignacioconcepcion.cl\/sitio\/?p=2108"},"modified":"2021-06-16T15:25:56","modified_gmt":"2021-06-16T15:25:56","slug":"actualizacion-del-proyecto-educativo-institucional","status":"publish","type":"post","link":"http:\/\/sanignacioconcepcion.cl\/sitio\/actualizacion-del-proyecto-educativo-institucional\/","title":{"rendered":"Actualizaci\u00f3n del Proyecto Educativo Institucional"},"content":{"rendered":"<p>Luego del anuncio oficial realizado a fin del a\u00f1o pasado. El 2022 el colegio se acoger\u00e1 a la Ley SEP (Subvenci\u00f3n Escolar Preferencial), as\u00ed hemos iniciado nuestro primer gran desaf\u00edo, la\u00a0<strong>actualizaci\u00f3n del Proyecto Educativo Institucional, PEI 2021.<br \/>\n<\/strong>Para esta labor, se form\u00f3 una comisi\u00f3n integrada por diferentes estamentos del colegio, la que ha estado trabajando en cada detalle que comenzamos, el viernes 30 de abril, a compartir con ustedes.<br \/>\nLos invitamos a participar activamente de este proceso y a seguir nuestra web y redes sociales para ir conociendo cada detalle de este desaf\u00edo que hemos comenzado.<\/p>\n<p>En el siguiente link, podr\u00e1n revisar todos los videos informativos sobre este proceso:\u00a0<a href=\"https:\/\/youtube.com\/playlist?list=PLspuFGMuH6yj8Eens5y3sKUb-TtcOBL85\" target=\"_blank\" rel=\"noreferrer noopener\">https:\/\/youtube.com\/playlist?list=PLspuFGMuH6yj8Eens5y3sKUb-TtcOBL85<\/a><\/p>\n","protected":false},"excerpt":{"rendered":"<p>Luego del anuncio oficial realizado a fin del a\u00f1o pasado. El 2022 el colegio se acoger\u00e1 a la Ley SEP (Subvenci\u00f3n Escolar Preferencial), as\u00ed hemos iniciado nuestro primer gran desaf\u00edo, la\u00a0actualizaci\u00f3n del Proyecto Educativo Institucional, PEI 2021. Para esta labor, se form\u00f3 una comisi\u00f3n integrada por diferentes estamentos del colegio, la que ha estado trabajando&hellip;<\/p>\n","protected":false},"author":1,"featured_media":2109,"comment_status":"closed","ping_status":"closed","sticky":false,"template":"","format":"standard","meta":[],"categories":[4],"tags":[],"_links":{"self":[{"href":"http:\/\/sanignacioconcepcion.cl\/sitio\/wp-json\/wp\/v2\/posts\/2108"}],"collection":[{"href":"http:\/\/sanignacioconcepcion.cl\/sitio\/wp-json\/wp\/v2\/posts"}],"about":[{"href":"http:\/\/sanignacioconcepcion.cl\/sitio\/wp-json\/wp\/v2\/types\/post"}],"author":[{"embeddable":true,"href":"http:\/\/sanignacioconcepcion.cl\/sitio\/wp-json\/wp\/v2\/users\/1"}],"replies":[{"embeddable":true,"href":"http:\/\/sanignacioconcepcion.cl\/sitio\/wp-json\/wp\/v2\/comments?post=2108"}],"version-history":[{"count":3,"href":"http:\/\/sanignacioconcepcion.cl\/sitio\/wp-json\/wp\/v2\/posts\/2108\/revisions"}],"predecessor-version":[{"id":4146,"href":"http:\/\/sanignacioconcepcion.cl\/sitio\/wp-json\/wp\/v2\/posts\/2108\/revisions\/4146"}],"wp:featuredmedia":[{"embeddable":true,"href":"http:\/\/sanignacioconcepcion.cl\/sitio\/wp-json\/wp\/v2\/media\/2109"}],"wp:attachment":[{"href":"http:\/\/sanignacioconcepcion.cl\/sitio\/wp-json\/wp\/v2\/media?parent=2108"}],"wp:term":[{"taxonomy":"category","embeddable":true,"href":"http:\/\/sanignacioconcepcion.cl\/sitio\/wp-json\/wp\/v2\/categories?post=2108"},{"taxonomy":"post_tag","embeddable":true,"href":"http:\/\/sanignacioconcepcion.cl\/sitio\/wp-json\/wp\/v2\/tags?post=2108"}],"curies":[{"name":"wp","href":"https:\/\/api.w.org\/{rel}","templated":true}]}}