{"id":2117,"date":"2021-05-19T17:27:56","date_gmt":"2021-05-19T17:27:56","guid":{"rendered":"http:\/\/sanignacioconcepcion.cl\/sitio\/?p=2117"},"modified":"2021-06-16T15:22:58","modified_gmt":"2021-06-16T15:22:58","slug":"segundo-encuentro-proceso-de-discernimiento-ivo-medio","status":"publish","type":"post","link":"http:\/\/sanignacioconcepcion.cl\/sitio\/segundo-encuentro-proceso-de-discernimiento-ivo-medio\/","title":{"rendered":"Segundo Encuentro &#8211; Proceso de discernimiento IV\u00ba medio"},"content":{"rendered":"<p>El viernes 30 de abril se realiz\u00f3 el segundo encuentro con el grupo de confirmaci\u00f3n de estudiantes de IV\u00ba medio.<br \/>\nSon 25 estudiantes los que se abren paso a un proceso de discernimiento para el sacramento de la confirmaci\u00f3n donde, por medio de reuniones mensuales acompa\u00f1ados\u00a0por catequistas, ir\u00e1n\u00a0dialogando en torno a su vida de fe y relaci\u00f3n con Dios, recibiendo formaci\u00f3n religiosa y espacio de acompa\u00f1amiento.<br \/>\nEl proceso est\u00e1 a cargo del Capell\u00e1n del Ciclo Roma, Padre Juan Pablo Valenzuela SJ y la Coordinadora de Pastoral del Ciclo Roma, Srta. Pamela Beltr\u00e1n Bascur.<\/p>\n<p>&nbsp;<\/p>\n","protected":false},"excerpt":{"rendered":"<p>El viernes 30 de abril se realiz\u00f3 el segundo encuentro con el grupo de confirmaci\u00f3n de estudiantes de IV\u00ba medio. Son 25 estudiantes los que se abren paso a un proceso de discernimiento para el sacramento de la confirmaci\u00f3n donde, por medio de reuniones mensuales acompa\u00f1ados\u00a0por catequistas, ir\u00e1n\u00a0dialogando en torno a su vida de fe&hellip;<\/p>\n","protected":false},"author":1,"featured_media":2118,"comment_status":"closed","ping_status":"closed","sticky":false,"template":"","format":"standard","meta":[],"categories":[4],"tags":[],"_links":{"self":[{"href":"http:\/\/sanignacioconcepcion.cl\/sitio\/wp-json\/wp\/v2\/posts\/2117"}],"collection":[{"href":"http:\/\/sanignacioconcepcion.cl\/sitio\/wp-json\/wp\/v2\/posts"}],"about":[{"href":"http:\/\/sanignacioconcepcion.cl\/sitio\/wp-json\/wp\/v2\/types\/post"}],"author":[{"embeddable":true,"href":"http:\/\/sanignacioconcepcion.cl\/sitio\/wp-json\/wp\/v2\/users\/1"}],"replies":[{"embeddable":true,"href":"http:\/\/sanignacioconcepcion.cl\/sitio\/wp-json\/wp\/v2\/comments?post=2117"}],"version-history":[{"count":3,"href":"http:\/\/sanignacioconcepcion.cl\/sitio\/wp-json\/wp\/v2\/posts\/2117\/revisions"}],"predecessor-version":[{"id":2313,"href":"http:\/\/sanignacioconcepcion.cl\/sitio\/wp-json\/wp\/v2\/posts\/2117\/revisions\/2313"}],"wp:featuredmedia":[{"embeddable":true,"href":"http:\/\/sanignacioconcepcion.cl\/sitio\/wp-json\/wp\/v2\/media\/2118"}],"wp:attachment":[{"href":"http:\/\/sanignacioconcepcion.cl\/sitio\/wp-json\/wp\/v2\/media?parent=2117"}],"wp:term":[{"taxonomy":"category","embeddable":true,"href":"http:\/\/sanignacioconcepcion.cl\/sitio\/wp-json\/wp\/v2\/categories?post=2117"},{"taxonomy":"post_tag","embeddable":true,"href":"http:\/\/sanignacioconcepcion.cl\/sitio\/wp-json\/wp\/v2\/tags?post=2117"}],"curies":[{"name":"wp","href":"https:\/\/api.w.org\/{rel}","templated":true}]}}