{"id":2121,"date":"2021-05-19T17:31:07","date_gmt":"2021-05-19T17:31:07","guid":{"rendered":"http:\/\/sanignacioconcepcion.cl\/sitio\/?p=2121"},"modified":"2021-06-16T15:22:30","modified_gmt":"2021-06-16T15:22:30","slug":"creando-redes-comision-retorno-visito-colegio-san-javier-de-puerto-montt","status":"publish","type":"post","link":"http:\/\/sanignacioconcepcion.cl\/sitio\/creando-redes-comision-retorno-visito-colegio-san-javier-de-puerto-montt\/","title":{"rendered":"Creando Redes: Comisi\u00f3n retorno visit\u00f3 Colegio San Javier de Puerto Montt"},"content":{"rendered":"<p>La Comisi\u00f3n Retorno SIC, liderada por; la Rectora, Sra. Claudia Messina, el Encargado de Convivencia Escolar, Sr. Jos\u00e9 Mora y acompa\u00f1ada por el Director Acad\u00e9mico, Sr. H\u00e9ctor Nova, se traslad\u00f3 hasta la regi\u00f3n de Los Lagos para ver en terreno el proceso de clases h\u00edbridas del colegio hermano, San Francisco Javier de Puerto Montt. En el lugar, nuestra comisi\u00f3n se nutri\u00f3 de la experiencia, conoci\u00f3 m\u00e1s acerca de las normativas, acciones y procedimiento del colegio, para llevar a cabo de manera efectiva esta modalidad de clases presenciales y online.<\/p>\n<p>El San Javier, inici\u00f3 sus clases en modalidad h\u00edbrida en marzo del presente a\u00f1o, la que se ha mantenido hasta la fecha.<\/p>\n<p>Durante la visita, la delegaci\u00f3n SIC comparti\u00f3 experiencias con sus hom\u00f3logos, recorri\u00f3 el colegio y particip\u00f3 de diversas clases y actividades que se est\u00e1n desarrollando de manera habitual en el establecimiento.<\/p>\n<p>\u201cLo que vimos en el San Javier, es una inyecci\u00f3n de energ\u00eda y nos ha permitido darnos cuenta que,\u00a0a pesar de las dificultades, se sale adelante y es maravilloso ver la alegr\u00eda de los estudiantes que inundan este colegio. Eso mismo nos pasar\u00e1 a nosotros, s\u00f3lo tenemos que tener fuerza, esperanza, convicci\u00f3n y actitud positiva pues finalmente lo m\u00e1s importante son nuestros estudiantes\u201d, se\u00f1al\u00f3 nuestra rectora, Sra. Claudia Messina.<\/p>\n<p>Agradecemos la hospitalidad del Colegio San Fco. Javier de Puerto Montt, representada por su Rectora, Sra. Isabel Leichtle.<\/p>\n<p>&nbsp;<\/p>\n","protected":false},"excerpt":{"rendered":"<p>La Comisi\u00f3n Retorno SIC, liderada por; la Rectora, Sra. Claudia Messina, el Encargado de Convivencia Escolar, Sr. Jos\u00e9 Mora y acompa\u00f1ada por el Director Acad\u00e9mico, Sr. H\u00e9ctor Nova, se traslad\u00f3 hasta la regi\u00f3n de Los Lagos para ver en terreno el proceso de clases h\u00edbridas del colegio hermano, San Francisco Javier de Puerto Montt. En&hellip;<\/p>\n","protected":false},"author":1,"featured_media":2122,"comment_status":"closed","ping_status":"closed","sticky":false,"template":"","format":"standard","meta":[],"categories":[4],"tags":[],"_links":{"self":[{"href":"http:\/\/sanignacioconcepcion.cl\/sitio\/wp-json\/wp\/v2\/posts\/2121"}],"collection":[{"href":"http:\/\/sanignacioconcepcion.cl\/sitio\/wp-json\/wp\/v2\/posts"}],"about":[{"href":"http:\/\/sanignacioconcepcion.cl\/sitio\/wp-json\/wp\/v2\/types\/post"}],"author":[{"embeddable":true,"href":"http:\/\/sanignacioconcepcion.cl\/sitio\/wp-json\/wp\/v2\/users\/1"}],"replies":[{"embeddable":true,"href":"http:\/\/sanignacioconcepcion.cl\/sitio\/wp-json\/wp\/v2\/comments?post=2121"}],"version-history":[{"count":2,"href":"http:\/\/sanignacioconcepcion.cl\/sitio\/wp-json\/wp\/v2\/posts\/2121\/revisions"}],"predecessor-version":[{"id":2312,"href":"http:\/\/sanignacioconcepcion.cl\/sitio\/wp-json\/wp\/v2\/posts\/2121\/revisions\/2312"}],"wp:featuredmedia":[{"embeddable":true,"href":"http:\/\/sanignacioconcepcion.cl\/sitio\/wp-json\/wp\/v2\/media\/2122"}],"wp:attachment":[{"href":"http:\/\/sanignacioconcepcion.cl\/sitio\/wp-json\/wp\/v2\/media?parent=2121"}],"wp:term":[{"taxonomy":"category","embeddable":true,"href":"http:\/\/sanignacioconcepcion.cl\/sitio\/wp-json\/wp\/v2\/categories?post=2121"},{"taxonomy":"post_tag","embeddable":true,"href":"http:\/\/sanignacioconcepcion.cl\/sitio\/wp-json\/wp\/v2\/tags?post=2121"}],"curies":[{"name":"wp","href":"https:\/\/api.w.org\/{rel}","templated":true}]}}