{"id":2127,"date":"2021-05-19T17:36:52","date_gmt":"2021-05-19T17:36:52","guid":{"rendered":"http:\/\/sanignacioconcepcion.cl\/sitio\/?p=2127"},"modified":"2021-06-16T15:21:22","modified_gmt":"2021-06-16T15:21:22","slug":"escuela-de-formacion-mej","status":"publish","type":"post","link":"http:\/\/sanignacioconcepcion.cl\/sitio\/escuela-de-formacion-mej\/","title":{"rendered":"Escuela de Formaci\u00f3n &#8211; MEJ"},"content":{"rendered":"<p>El pasado 07 de mayo comenz\u00f3 la escuela de formaci\u00f3n organizada por el Equipo Nacional del Movimiento Eucar\u00edstico Juvenil (MEJ), que busca formar a monitores de todo Chile en torno a cuatro ejes: la historia del Mej, evangelio, eucarist\u00eda y misi\u00f3n.<br \/>\nParticipan de este encuentro, alumnos\/as de ense\u00f1anza media y ex alumnos\/as del equipo de monitores, junto con el grupo de 8vo b\u00e1sico del MEJ San Ignacio.<br \/>\nEsta formaci\u00f3n se realizar\u00e1 durante todo el mes de mayo, fomentando tambi\u00e9n la unidad entre los distintos centros de MEJ en todo Chile.<\/p>\n<p>&nbsp;<\/p>\n","protected":false},"excerpt":{"rendered":"<p>El pasado 07 de mayo comenz\u00f3 la escuela de formaci\u00f3n organizada por el Equipo Nacional del Movimiento Eucar\u00edstico Juvenil (MEJ), que busca formar a monitores de todo Chile en torno a cuatro ejes: la historia del Mej, evangelio, eucarist\u00eda y misi\u00f3n. Participan de este encuentro, alumnos\/as de ense\u00f1anza media y ex alumnos\/as del equipo de&hellip;<\/p>\n","protected":false},"author":1,"featured_media":2128,"comment_status":"closed","ping_status":"closed","sticky":false,"template":"","format":"standard","meta":[],"categories":[4],"tags":[],"_links":{"self":[{"href":"http:\/\/sanignacioconcepcion.cl\/sitio\/wp-json\/wp\/v2\/posts\/2127"}],"collection":[{"href":"http:\/\/sanignacioconcepcion.cl\/sitio\/wp-json\/wp\/v2\/posts"}],"about":[{"href":"http:\/\/sanignacioconcepcion.cl\/sitio\/wp-json\/wp\/v2\/types\/post"}],"author":[{"embeddable":true,"href":"http:\/\/sanignacioconcepcion.cl\/sitio\/wp-json\/wp\/v2\/users\/1"}],"replies":[{"embeddable":true,"href":"http:\/\/sanignacioconcepcion.cl\/sitio\/wp-json\/wp\/v2\/comments?post=2127"}],"version-history":[{"count":2,"href":"http:\/\/sanignacioconcepcion.cl\/sitio\/wp-json\/wp\/v2\/posts\/2127\/revisions"}],"predecessor-version":[{"id":2310,"href":"http:\/\/sanignacioconcepcion.cl\/sitio\/wp-json\/wp\/v2\/posts\/2127\/revisions\/2310"}],"wp:featuredmedia":[{"embeddable":true,"href":"http:\/\/sanignacioconcepcion.cl\/sitio\/wp-json\/wp\/v2\/media\/2128"}],"wp:attachment":[{"href":"http:\/\/sanignacioconcepcion.cl\/sitio\/wp-json\/wp\/v2\/media?parent=2127"}],"wp:term":[{"taxonomy":"category","embeddable":true,"href":"http:\/\/sanignacioconcepcion.cl\/sitio\/wp-json\/wp\/v2\/categories?post=2127"},{"taxonomy":"post_tag","embeddable":true,"href":"http:\/\/sanignacioconcepcion.cl\/sitio\/wp-json\/wp\/v2\/tags?post=2127"}],"curies":[{"name":"wp","href":"https:\/\/api.w.org\/{rel}","templated":true}]}}