{"id":2138,"date":"2021-05-19T17:52:09","date_gmt":"2021-05-19T17:52:09","guid":{"rendered":"http:\/\/sanignacioconcepcion.cl\/sitio\/?p=2138"},"modified":"2021-06-16T15:20:17","modified_gmt":"2021-06-16T15:20:17","slug":"volvernos-a-encontrar","status":"publish","type":"post","link":"http:\/\/sanignacioconcepcion.cl\/sitio\/volvernos-a-encontrar\/","title":{"rendered":"Volvernos a encontrar &#8211; Capacitaci\u00f3n Docente"},"content":{"rendered":"<p>El mi\u00e9rcoles 12 de mayo se realiz\u00f3 la Capacitaci\u00f3n presencial a nuestros docentes del Ciclo Roma.<br \/>\nEn la oportunidad se presentaron los protocolos de seguridad y salud, informaci\u00f3n acad\u00e9mica relevante y posteriormente los docentes se trasladaron a las salas de clases para probar los implementos de la modalidad h\u00edbrida.<\/p>\n<p>Esta semana ser\u00e1 el turno de los docentes y asistentes de los Ciclos Loyola, Manresa y el Programa de Integraci\u00f3n Escolar (PIE).<\/p>\n<p>&nbsp;<\/p>\n","protected":false},"excerpt":{"rendered":"<p>El mi\u00e9rcoles 12 de mayo se realiz\u00f3 la Capacitaci\u00f3n presencial a nuestros docentes del Ciclo Roma. En la oportunidad se presentaron los protocolos de seguridad y salud, informaci\u00f3n acad\u00e9mica relevante y posteriormente los docentes se trasladaron a las salas de clases para probar los implementos de la modalidad h\u00edbrida. Esta semana ser\u00e1 el turno de&hellip;<\/p>\n","protected":false},"author":1,"featured_media":2139,"comment_status":"closed","ping_status":"closed","sticky":false,"template":"","format":"standard","meta":[],"categories":[4],"tags":[],"_links":{"self":[{"href":"http:\/\/sanignacioconcepcion.cl\/sitio\/wp-json\/wp\/v2\/posts\/2138"}],"collection":[{"href":"http:\/\/sanignacioconcepcion.cl\/sitio\/wp-json\/wp\/v2\/posts"}],"about":[{"href":"http:\/\/sanignacioconcepcion.cl\/sitio\/wp-json\/wp\/v2\/types\/post"}],"author":[{"embeddable":true,"href":"http:\/\/sanignacioconcepcion.cl\/sitio\/wp-json\/wp\/v2\/users\/1"}],"replies":[{"embeddable":true,"href":"http:\/\/sanignacioconcepcion.cl\/sitio\/wp-json\/wp\/v2\/comments?post=2138"}],"version-history":[{"count":2,"href":"http:\/\/sanignacioconcepcion.cl\/sitio\/wp-json\/wp\/v2\/posts\/2138\/revisions"}],"predecessor-version":[{"id":2307,"href":"http:\/\/sanignacioconcepcion.cl\/sitio\/wp-json\/wp\/v2\/posts\/2138\/revisions\/2307"}],"wp:featuredmedia":[{"embeddable":true,"href":"http:\/\/sanignacioconcepcion.cl\/sitio\/wp-json\/wp\/v2\/media\/2139"}],"wp:attachment":[{"href":"http:\/\/sanignacioconcepcion.cl\/sitio\/wp-json\/wp\/v2\/media?parent=2138"}],"wp:term":[{"taxonomy":"category","embeddable":true,"href":"http:\/\/sanignacioconcepcion.cl\/sitio\/wp-json\/wp\/v2\/categories?post=2138"},{"taxonomy":"post_tag","embeddable":true,"href":"http:\/\/sanignacioconcepcion.cl\/sitio\/wp-json\/wp\/v2\/tags?post=2138"}],"curies":[{"name":"wp","href":"https:\/\/api.w.org\/{rel}","templated":true}]}}