{"id":2141,"date":"2021-05-19T17:54:06","date_gmt":"2021-05-19T17:54:06","guid":{"rendered":"http:\/\/sanignacioconcepcion.cl\/sitio\/?p=2141"},"modified":"2021-06-16T15:19:14","modified_gmt":"2021-06-16T15:19:14","slug":"liderazgo-ignaciano-fue-el-tema-central-de-la-cumbre-de-centros-de-estudiantes-2021","status":"publish","type":"post","link":"http:\/\/sanignacioconcepcion.cl\/sitio\/liderazgo-ignaciano-fue-el-tema-central-de-la-cumbre-de-centros-de-estudiantes-2021\/","title":{"rendered":"Liderazgo Ignaciano fue el tema central de la Cumbre de Centros de Estudiantes 2021"},"content":{"rendered":"<p>M\u00e1s de 120 estudiantes provenientes de centros de alumnos de colegios pertenecientes a la Red Educacional Ignaciana participaron en la Cumbre de Centros de Estudiantes 2021 virtual, instancia de encuentro donde pudieron debatir y reflexionar en torno a distintos tipos de liderazgo, especialmente, el ignaciano.<\/p>\n<p>En esta ocasi\u00f3n, se sumaron j\u00f3venes de I\u00b0 a IV\u00b0 medio de los colegios San Ignacio de Concepci\u00f3n, La Misi\u00f3n, San Mateo de Osorno, San Ignacio El Bosque, San Ignacio Alonso Ovalle, Padre Hurtado\u00a0 y Juanita de Los Andes, San Luis de Antofagasta, Nuestra Se\u00f1ora del Camino, Colegio Jos\u00e9 Antonio Lecaros,\u00a0 Don Enrique Alvear, San Luis Beltr\u00e1n, San Javier de Puerto Montt, Padre \u00c1lvaro Lav\u00edn, Betania, San Alberto, y de la Escuela Nuevo Futuro de Lota.<\/p>\n<p>La instancia cont\u00f3 con la introducci\u00f3n del padre Cristian Rodr\u00edguez sj, quien se\u00f1al\u00f3 que el liderazgo ignaciano se define a la luz de un compromiso con la misi\u00f3n que Jes\u00fas nos ense\u00f1a en el evangelio. \u00abUn l\u00edder ignaciano se compromete con un proceso de humanizaci\u00f3n que conduce a una vida m\u00e1s plenamente humana. Un l\u00edder ignaciano se debe manejar con el discernimiento, que no es solo tomar una buena o la mejor decisi\u00f3n, sino que es buscar hacer la voluntad de Dios desde la certeza de que \u00c9l quiere lo mejor para el ser humano\u00bb, dijo. Asimismo, abord\u00f3 y explic\u00f3 las 4C de este l\u00edder: compasivo, consciente, comprometido, y competente para, posteriormente, invitar a los presentes a trabajar en grupos, aplicando estas 4C en casos pr\u00e1cticos.<\/p>\n<p>Luego de ese momento, los estudiantes compartieron su reflexiones y m\u00e1s tarde, en grupos, participaron en talleres sobre derechos de los ni\u00f1os y adolescentes; medio ambiente y crisis ambiental en Chile, violencia contra la mujer, salud mental pre y post pandemia y derecho a la vivienda digna.<\/p>\n<p>Finalmente, Daniela Iturra, Coordinadora del \u00c1rea de J\u00f3venes y Formaci\u00f3n ciudadana de la REI, se refiri\u00f3 a la ciudadan\u00eda digital y a los desaf\u00edos del l\u00edder digital. Habl\u00f3 del nacimiento de las redes sociales, invit\u00f3 a los participantes a pensar sobre sus sentimientos cuando ven alg\u00fan comentario sobre ellos mismos en la web y los invit\u00f3 a reflexionar sobre su identidad en la red, a trav\u00e9s de la llamada \u00abhuella digital\u00bb, \u00a0que es el comportamiento virtual que tiene cada uno.<\/p>\n<p>\u00abUn l\u00edder digital no es el que tiene m\u00e1s seguidores o\u00a0<em>likes;<\/em>\u00a0es el que promueve una ciudadan\u00eda correcta en el mundo virtual. Tiene que ver con c\u00f3mo yo propongo relacionarme con otro y enfrentarme a las publicaciones de una manera distinta, pionera e innovadora y me hago diferente seg\u00fan eso; se relaciona con pensar qui\u00e9n est\u00e1 al otro lado de la pantalla y c\u00f3mo yo puedo hacer que mi publicaci\u00f3n ayude o incida positivamente en las personas\u00bb, manifest\u00f3. Luego, invit\u00f3 a los presentes a pensar en qu\u00e9 otro tipo de liderazgo propondr\u00edan para llevar adelante en el mundo de las redes sociales.<\/p>\n<p>El \u00faltimo bloque estuvo liderado por la directiva de la Federaci\u00f3n de Estudiantes REI (FeREI). All\u00ed se recogieron los aprendizajes del d\u00eda y se proyect\u00f3 c\u00f3mo llevar \u00e9stos a los centros de alumnos de sus respectivos establecimientos.<\/p>\n","protected":false},"excerpt":{"rendered":"<p>M\u00e1s de 120 estudiantes provenientes de centros de alumnos de colegios pertenecientes a la Red Educacional Ignaciana participaron en la Cumbre de Centros de Estudiantes 2021 virtual, instancia de encuentro donde pudieron debatir y reflexionar en torno a distintos tipos de liderazgo, especialmente, el ignaciano. En esta ocasi\u00f3n, se sumaron j\u00f3venes de I\u00b0 a IV\u00b0&hellip;<\/p>\n","protected":false},"author":1,"featured_media":2142,"comment_status":"closed","ping_status":"closed","sticky":false,"template":"","format":"standard","meta":[],"categories":[4],"tags":[],"_links":{"self":[{"href":"http:\/\/sanignacioconcepcion.cl\/sitio\/wp-json\/wp\/v2\/posts\/2141"}],"collection":[{"href":"http:\/\/sanignacioconcepcion.cl\/sitio\/wp-json\/wp\/v2\/posts"}],"about":[{"href":"http:\/\/sanignacioconcepcion.cl\/sitio\/wp-json\/wp\/v2\/types\/post"}],"author":[{"embeddable":true,"href":"http:\/\/sanignacioconcepcion.cl\/sitio\/wp-json\/wp\/v2\/users\/1"}],"replies":[{"embeddable":true,"href":"http:\/\/sanignacioconcepcion.cl\/sitio\/wp-json\/wp\/v2\/comments?post=2141"}],"version-history":[{"count":2,"href":"http:\/\/sanignacioconcepcion.cl\/sitio\/wp-json\/wp\/v2\/posts\/2141\/revisions"}],"predecessor-version":[{"id":2306,"href":"http:\/\/sanignacioconcepcion.cl\/sitio\/wp-json\/wp\/v2\/posts\/2141\/revisions\/2306"}],"wp:featuredmedia":[{"embeddable":true,"href":"http:\/\/sanignacioconcepcion.cl\/sitio\/wp-json\/wp\/v2\/media\/2142"}],"wp:attachment":[{"href":"http:\/\/sanignacioconcepcion.cl\/sitio\/wp-json\/wp\/v2\/media?parent=2141"}],"wp:term":[{"taxonomy":"category","embeddable":true,"href":"http:\/\/sanignacioconcepcion.cl\/sitio\/wp-json\/wp\/v2\/categories?post=2141"},{"taxonomy":"post_tag","embeddable":true,"href":"http:\/\/sanignacioconcepcion.cl\/sitio\/wp-json\/wp\/v2\/tags?post=2141"}],"curies":[{"name":"wp","href":"https:\/\/api.w.org\/{rel}","templated":true}]}}