{"id":2272,"date":"2021-06-16T12:51:52","date_gmt":"2021-06-16T12:51:52","guid":{"rendered":"http:\/\/sanignacioconcepcion.cl\/sitio\/?p=2272"},"modified":"2021-06-16T15:13:48","modified_gmt":"2021-06-16T15:13:48","slug":"informacion-sobre-correo-electronico-institucional-de-apoderados","status":"publish","type":"post","link":"http:\/\/sanignacioconcepcion.cl\/sitio\/informacion-sobre-correo-electronico-institucional-de-apoderados\/","title":{"rendered":"Informaci\u00f3n sobre Correo Electr\u00f3nico Institucional de Apoderados"},"content":{"rendered":"<p><span style=\"font-family: arial, sans-serif; font-size: small;\">Estimadas familias:<\/span><\/p>\n<div>\n<p><span style=\"font-family: arial, sans-serif; font-size: small;\">Junto con saludar y esperando que cada uno\/a de ustedes se encuentre bien, quisiera informarles que, con el fin de mantener una comunicaci\u00f3n fluida, efectiva y evitar la p\u00e9rdida de informaci\u00f3n, hemos implementado un correo electr\u00f3nico institucional para cada apoderado de nuestro colegio.\u00a0<\/span><\/p>\n<p><strong><span style=\"font-family: arial, sans-serif; font-size: small;\">\u00bfC\u00f3mo se podr\u00e1 acceder al correo institucional del apoderado\/a?<\/span><\/strong><\/p>\n<ul>\n<li><span style=\"font-family: arial, sans-serif; font-size: small;\">El apoderado deber\u00e1 ingresar a trav\u00e9s del sitio de gmail:\u00a0<a href=\"http:\/\/www.gmail.com\/\" target=\"_blank\" rel=\"noopener\" data-saferedirecturl=\"https:\/\/www.google.com\/url?q=http:\/\/www.gmail.com\/&amp;source=gmail&amp;ust=1623932582069000&amp;usg=AFQjCNEjB3xHkDzBVTiluUtWwMHvqIfMDw\">www.gmail.com<\/a><\/span><\/li>\n<li><span style=\"font-family: arial, sans-serif; font-size: small;\">El correo ser\u00e1: a + rut del alumno\/a(sin gui\u00f3n, ni puntos ni d\u00edgito verificador) + @<a href=\"http:\/\/sanignacioconcepcion.cl\/\" target=\"_blank\" rel=\"noopener\" data-saferedirecturl=\"https:\/\/www.google.com\/url?q=http:\/\/sanignacioconcepcion.cl\/&amp;source=gmail&amp;ust=1623932582069000&amp;usg=AFQjCNGxMw3Tc6tfnqkL5m-AgL770lMinA\">sanignacioconcepcion.cl<\/a><br \/>\nEjemplo si el Rut es: 12.345.678-9 \/ el correo ser\u00e1:\u00a0<a href=\"ma&#105;&#108;&#x74;&#x6f;&#x3a;&#x61;12&#51;&#52;&#x35;&#x36;&#x37;&#x38;&#64;s&#97;&#110;&#105;&#x67;&#x6e;&#x61;&#x63;io&#99;&#111;&#x6e;&#x63;&#x65;&#x70;ci&#111;&#110;&#x2e;&#x63;&#x6c;\" target=\"_blank\" rel=\"noopener\">a12345678@<wbr \/>sanignacioconcepcion.cl<\/a>\u00a0(sin gui\u00f3n, ni puntos, ni d\u00edgito verificador)<\/span><\/li>\n<li><span style=\"font-family: arial, sans-serif; font-size: small;\">Sobre la contrase\u00f1a: est\u00e1 compuesta por los\u00a0<b>primeros 3 d\u00edgitos del rut\u00a0<\/b>+ fecha de nacimiento del alumno\/a (d\u00eda-mes-a\u00f1o separados por un gui\u00f3n).<br \/>\nEjemplo si el Rut es:\u00a0<b>123<\/b>45678-9 y la fecha de nacimiento: 16-09-2010 la contrase\u00f1a ser\u00e1: 123-16-09-2010<\/span><\/li>\n<\/ul>\n<p><span style=\"font-family: arial, sans-serif; font-size: small;\">Es importante mencionar que ser\u00e1 un correo por cada hijo\/a del apoderado.<\/span><\/p>\n<p><strong><span style=\"font-family: arial, sans-serif; font-size: small;\">Se\u00f1alar que este correo institucional ser\u00e1 el oficial, donde se enviar\u00e1 toda la informaci\u00f3n relevante de nuestro colegio por lo que es fundamental su activaci\u00f3n y uso diario.\u00a0<\/span><\/strong><\/p>\n<p><span style=\"font-family: arial, sans-serif; font-size: small;\">Ante cualquier duda\/consulta, comunicarse al correo:\u00a0<a href=\"&#x6d;&#x61;&#105;&#108;to&#x3a;&#x6d;&#x6d;&#117;no&#x7a;&#x40;&#x63;&#111;&#108;e&#x67;&#x69;&#x6f;&#115;&#105;c&#x2e;&#x63;&#x6c;\" target=\"_blank\" rel=\"noopener\">m&#109;&#x75;&#x6e;o&#122;&#64;&#x63;&#x6f;l&#101;&#103;&#x69;&#x6f;s&#105;&#x63;&#x2e;&#x63;l<\/a><\/span><\/p>\n<p><span style=\"font-family: arial, sans-serif; font-size: small;\">Atentamente,<br \/>\nClaudia Messina \u00c1vila<br \/>\nRectora<\/span><\/p>\n<\/div>\n","protected":false},"excerpt":{"rendered":"<p>Estimadas familias: Junto con saludar y esperando que cada uno\/a de ustedes se encuentre bien, quisiera informarles que, con el fin de mantener una comunicaci\u00f3n fluida, efectiva y evitar la p\u00e9rdida de informaci\u00f3n, hemos implementado un correo electr\u00f3nico institucional para cada apoderado de nuestro colegio.\u00a0 \u00bfC\u00f3mo se podr\u00e1 acceder al correo institucional del apoderado\/a? El&hellip;<\/p>\n","protected":false},"author":1,"featured_media":0,"comment_status":"closed","ping_status":"closed","sticky":false,"template":"","format":"standard","meta":[],"categories":[3],"tags":[],"_links":{"self":[{"href":"http:\/\/sanignacioconcepcion.cl\/sitio\/wp-json\/wp\/v2\/posts\/2272"}],"collection":[{"href":"http:\/\/sanignacioconcepcion.cl\/sitio\/wp-json\/wp\/v2\/posts"}],"about":[{"href":"http:\/\/sanignacioconcepcion.cl\/sitio\/wp-json\/wp\/v2\/types\/post"}],"author":[{"embeddable":true,"href":"http:\/\/sanignacioconcepcion.cl\/sitio\/wp-json\/wp\/v2\/users\/1"}],"replies":[{"embeddable":true,"href":"http:\/\/sanignacioconcepcion.cl\/sitio\/wp-json\/wp\/v2\/comments?post=2272"}],"version-history":[{"count":2,"href":"http:\/\/sanignacioconcepcion.cl\/sitio\/wp-json\/wp\/v2\/posts\/2272\/revisions"}],"predecessor-version":[{"id":2305,"href":"http:\/\/sanignacioconcepcion.cl\/sitio\/wp-json\/wp\/v2\/posts\/2272\/revisions\/2305"}],"wp:attachment":[{"href":"http:\/\/sanignacioconcepcion.cl\/sitio\/wp-json\/wp\/v2\/media?parent=2272"}],"wp:term":[{"taxonomy":"category","embeddable":true,"href":"http:\/\/sanignacioconcepcion.cl\/sitio\/wp-json\/wp\/v2\/categories?post=2272"},{"taxonomy":"post_tag","embeddable":true,"href":"http:\/\/sanignacioconcepcion.cl\/sitio\/wp-json\/wp\/v2\/tags?post=2272"}],"curies":[{"name":"wp","href":"https:\/\/api.w.org\/{rel}","templated":true}]}}