{"id":2275,"date":"2021-06-16T12:53:02","date_gmt":"2021-06-16T12:53:02","guid":{"rendered":"http:\/\/sanignacioconcepcion.cl\/sitio\/?p=2275"},"modified":"2021-06-16T15:13:09","modified_gmt":"2021-06-16T15:13:09","slug":"cuenta-pago-de-colegiatura","status":"publish","type":"post","link":"http:\/\/sanignacioconcepcion.cl\/sitio\/cuenta-pago-de-colegiatura\/","title":{"rendered":"Cuenta pago de colegiatura"},"content":{"rendered":"<p><span style=\"font-family: arial, sans-serif;\">Queridas familias:<\/span><\/p>\n<p><span style=\"font-family: arial, sans-serif;\">Esperando que cada uno\/a de ustedes se encuentre bien, informo que, el pago para quienes no documentaron las colegiaturas con cheque, se podr\u00e1 realizar v\u00eda transferencia electr\u00f3nica o dep\u00f3sito, a la siguiente cuenta:<\/span><\/p>\n<p><span style=\"font-family: arial, sans-serif;\">&#8211;\u00a0Raz\u00f3n Social:\u00a0Fundaci\u00f3n San Juan del Castillo<\/span><\/p>\n<p><span style=\"font-family: arial, sans-serif;\">&#8211;\u00a0RUT:\u00a074.557.000-3<\/span><\/p>\n<p><span style=\"font-family: arial, sans-serif;\">&#8211;\u00a0Banco:\u00a0Santander<\/span><\/p>\n<p><span style=\"font-family: arial, sans-serif;\">&#8211;\u00a0Cuenta Corriente N\u00ba:\u00a067665406<\/span><\/p>\n<p><span style=\"font-family: arial, sans-serif;\">&#8211;\u00a0Enviar comprobante a:\u00a0<a href=\"&#x6d;&#x61;&#105;l&#x74;&#x6f;&#x3a;&#97;z&#x75;&#x6e;&#x69;&#103;a&#x40;&#x63;&#x6f;&#108;e&#x67;&#x69;&#x6f;&#115;i&#x63;&#x2e;&#x63;&#108;\" target=\"_blank\" rel=\"noopener\">azuniga&#64;cole&#103;&#105;&#111;&#115;&#105;&#99;&#46;&#99;&#108;<\/a>\u00a0\/\u00a0<a href=\"m&#97;&#x69;&#x6c;&#x74;o&#58;&#x69;&#x71;&#x75;i&#114;&#x6f;&#x67;&#x61;&#64;&#99;&#x6f;&#x6c;&#x65;g&#105;&#x6f;&#x73;&#x69;c&#46;&#x63;&#x6c;\" target=\"_blank\" rel=\"noopener\">&#105;&#x71;&#117;&#x69;&#114;&#x6f;&#103;&#x61;&#64;&#x63;&#111;&#x6c;e&#x67;i&#x6f;s&#x69;c&#x2e;c&#x6c;<\/a><\/span><\/p>\n<p>&nbsp;<\/p>\n<p><span style=\"font-family: arial, sans-serif;\">Atentamente,<br \/>\n<\/span>Claudia Messina \u00c1vila<br \/>\nRectora<\/p>\n","protected":false},"excerpt":{"rendered":"<p>Queridas familias: Esperando que cada uno\/a de ustedes se encuentre bien, informo que, el pago para quienes no documentaron las colegiaturas con cheque, se podr\u00e1 realizar v\u00eda transferencia electr\u00f3nica o dep\u00f3sito, a la siguiente cuenta: &#8211;\u00a0Raz\u00f3n Social:\u00a0Fundaci\u00f3n San Juan del Castillo &#8211;\u00a0RUT:\u00a074.557.000-3 &#8211;\u00a0Banco:\u00a0Santander &#8211;\u00a0Cuenta Corriente N\u00ba:\u00a067665406 &#8211;\u00a0Enviar comprobante a:\u00a0&#97;&#x7a;&#x75;n&#105;&#x67;&#x61;&#64;&#99;&#x6f;l&#101;&#x67;&#x69;o&#115;&#x69;c&#46;&#x63;&#x6c;\u00a0\/\u00a0&#x69;&#x71;&#117;i&#x72;&#x6f;&#103;&#97;&#64;&#x63;&#x6f;&#108;&#101;g&#x69;&#x6f;&#115;ic&#x2e;&#x63;&#108; &nbsp; Atentamente, Claudia Messina \u00c1vila Rectora<\/p>\n","protected":false},"author":1,"featured_media":0,"comment_status":"closed","ping_status":"closed","sticky":false,"template":"","format":"standard","meta":[],"categories":[3],"tags":[],"_links":{"self":[{"href":"http:\/\/sanignacioconcepcion.cl\/sitio\/wp-json\/wp\/v2\/posts\/2275"}],"collection":[{"href":"http:\/\/sanignacioconcepcion.cl\/sitio\/wp-json\/wp\/v2\/posts"}],"about":[{"href":"http:\/\/sanignacioconcepcion.cl\/sitio\/wp-json\/wp\/v2\/types\/post"}],"author":[{"embeddable":true,"href":"http:\/\/sanignacioconcepcion.cl\/sitio\/wp-json\/wp\/v2\/users\/1"}],"replies":[{"embeddable":true,"href":"http:\/\/sanignacioconcepcion.cl\/sitio\/wp-json\/wp\/v2\/comments?post=2275"}],"version-history":[{"count":2,"href":"http:\/\/sanignacioconcepcion.cl\/sitio\/wp-json\/wp\/v2\/posts\/2275\/revisions"}],"predecessor-version":[{"id":2304,"href":"http:\/\/sanignacioconcepcion.cl\/sitio\/wp-json\/wp\/v2\/posts\/2275\/revisions\/2304"}],"wp:attachment":[{"href":"http:\/\/sanignacioconcepcion.cl\/sitio\/wp-json\/wp\/v2\/media?parent=2275"}],"wp:term":[{"taxonomy":"category","embeddable":true,"href":"http:\/\/sanignacioconcepcion.cl\/sitio\/wp-json\/wp\/v2\/categories?post=2275"},{"taxonomy":"post_tag","embeddable":true,"href":"http:\/\/sanignacioconcepcion.cl\/sitio\/wp-json\/wp\/v2\/tags?post=2275"}],"curies":[{"name":"wp","href":"https:\/\/api.w.org\/{rel}","templated":true}]}}