{"id":2335,"date":"2021-06-16T23:07:44","date_gmt":"2021-06-16T23:07:44","guid":{"rendered":"http:\/\/sanignacioconcepcion.cl\/sitio\/?p=2335"},"modified":"2021-06-16T23:07:44","modified_gmt":"2021-06-16T23:07:44","slug":"volvernos-a-encontrar-iiio-y-ivo-medio-inician-sus-clases-presenciales","status":"publish","type":"post","link":"http:\/\/sanignacioconcepcion.cl\/sitio\/volvernos-a-encontrar-iiio-y-ivo-medio-inician-sus-clases-presenciales\/","title":{"rendered":"\u201cVolvernos a Encontrar\u201d: III\u00ba y IV\u00ba medio inician sus clases presenciales"},"content":{"rendered":"<p class=\"p1\">Con mucha alegr\u00eda y entusiasmo, iniciamos el retorno a clases presenciales el 19 de mayo. En primera instancia con los III\u00ba y IV\u00ba medio. Lo anterior, considerando el avance de nuestra comuna en el Plan Paso a Paso.<br \/>\nFueron casi 20 estudiantes los que estuvieron presentes el pasado mi\u00e9rcoles, con quienes iniciamos la jornada en una apertura especial, guiada por nuestra Rectora, Sra. Claudia Messina, y el Capell\u00e1n P. Juan Pablo Moyano SJ, la que fue transmitida online para todo el resto de la comunidad.<\/p>\n<p class=\"p1\">Nuestros estudiantes, con mucho entusiasmo participaron de esta primera jornada escolar. Para nuestros IV\u00ba medios fue a\u00fan m\u00e1s especial considerando que es su \u00faltimo a\u00f1o en el colegio; \u201cvolver fue nost\u00e1lgico, porque estamos en cuarto medio, \u00faltimo a\u00f1o, hay que disfrutarlo m\u00e1s\u201d, se\u00f1al\u00f3 Mart\u00edn Quezada del IV\u00ba C. Por su parte, la alumna Isidora Gonz\u00e1lez del IV\u00baA, se\u00f1al\u00f3 que ten\u00eda muchas ganas de volver al colegio; \u201cme ayuda a concentrarme mucho m\u00e1s en clases. Ha sido bueno retomar ese contacto humano con los compa\u00f1eros, esto es toda una experiencia nueva\u201d, se\u00f1al\u00f3.<\/p>\n<p class=\"p1\">Son cerca de 50 estudiantes entre III\u00ba y IV\u00ba los que volver\u00e1n a la presencialidad, divididos en tres grupos rotativos de 15 estudiantes.<span class=\"Apple-converted-space\">\u00a0<\/span><\/p>\n","protected":false},"excerpt":{"rendered":"<p>Con mucha alegr\u00eda y entusiasmo, iniciamos el retorno a clases presenciales el 19 de mayo. En primera instancia con los III\u00ba y IV\u00ba medio. Lo anterior, considerando el avance de nuestra comuna en el Plan Paso a Paso. Fueron casi 20 estudiantes los que estuvieron presentes el pasado mi\u00e9rcoles, con quienes iniciamos la jornada en&hellip;<\/p>\n","protected":false},"author":1,"featured_media":2336,"comment_status":"closed","ping_status":"closed","sticky":false,"template":"","format":"standard","meta":[],"categories":[4],"tags":[],"_links":{"self":[{"href":"http:\/\/sanignacioconcepcion.cl\/sitio\/wp-json\/wp\/v2\/posts\/2335"}],"collection":[{"href":"http:\/\/sanignacioconcepcion.cl\/sitio\/wp-json\/wp\/v2\/posts"}],"about":[{"href":"http:\/\/sanignacioconcepcion.cl\/sitio\/wp-json\/wp\/v2\/types\/post"}],"author":[{"embeddable":true,"href":"http:\/\/sanignacioconcepcion.cl\/sitio\/wp-json\/wp\/v2\/users\/1"}],"replies":[{"embeddable":true,"href":"http:\/\/sanignacioconcepcion.cl\/sitio\/wp-json\/wp\/v2\/comments?post=2335"}],"version-history":[{"count":1,"href":"http:\/\/sanignacioconcepcion.cl\/sitio\/wp-json\/wp\/v2\/posts\/2335\/revisions"}],"predecessor-version":[{"id":2337,"href":"http:\/\/sanignacioconcepcion.cl\/sitio\/wp-json\/wp\/v2\/posts\/2335\/revisions\/2337"}],"wp:featuredmedia":[{"embeddable":true,"href":"http:\/\/sanignacioconcepcion.cl\/sitio\/wp-json\/wp\/v2\/media\/2336"}],"wp:attachment":[{"href":"http:\/\/sanignacioconcepcion.cl\/sitio\/wp-json\/wp\/v2\/media?parent=2335"}],"wp:term":[{"taxonomy":"category","embeddable":true,"href":"http:\/\/sanignacioconcepcion.cl\/sitio\/wp-json\/wp\/v2\/categories?post=2335"},{"taxonomy":"post_tag","embeddable":true,"href":"http:\/\/sanignacioconcepcion.cl\/sitio\/wp-json\/wp\/v2\/tags?post=2335"}],"curies":[{"name":"wp","href":"https:\/\/api.w.org\/{rel}","templated":true}]}}