{"id":2341,"date":"2021-06-16T23:19:13","date_gmt":"2021-06-16T23:19:13","guid":{"rendered":"http:\/\/sanignacioconcepcion.cl\/sitio\/?p=2341"},"modified":"2021-06-16T23:19:13","modified_gmt":"2021-06-16T23:19:13","slug":"iniciamos-el-ano-ignaciano","status":"publish","type":"post","link":"http:\/\/sanignacioconcepcion.cl\/sitio\/iniciamos-el-ano-ignaciano\/","title":{"rendered":"Iniciamos el A\u00f1o Ignaciano"},"content":{"rendered":"<p class=\"p1\">El20 de mayo comenzamos a celebrar el A\u00f1o Ignaciano.<br \/>\nA 500 a\u00f1os de la herida de Pamplona que transform\u00f3 a Ignacio de Loyola para siempre y dio lugar a la espiritualidad y pedagog\u00eda que vivimos d\u00eda a d\u00eda.<\/p>\n<p class=\"p1\">\n\u00a1Queremos invitarlos\/as a participar de las actividades que la Red Apost\u00f3lica Ignaciana ha programado durante este a\u00f1o, para esta celebraci\u00f3n!<\/p>\n<p><img loading=\"lazy\" class=\"aligncenter wp-image-2343 size-full\" src=\"http:\/\/sanignacioconcepcion.cl\/sitio\/wp-content\/uploads\/2021\/06\/WhatsApp-Image-2021-05-19-at-15.07.56-1.jpeg\" alt=\"\" width=\"940\" height=\"788\" srcset=\"http:\/\/sanignacioconcepcion.cl\/sitio\/wp-content\/uploads\/2021\/06\/WhatsApp-Image-2021-05-19-at-15.07.56-1.jpeg 940w, http:\/\/sanignacioconcepcion.cl\/sitio\/wp-content\/uploads\/2021\/06\/WhatsApp-Image-2021-05-19-at-15.07.56-1-768x644.jpeg 768w, http:\/\/sanignacioconcepcion.cl\/sitio\/wp-content\/uploads\/2021\/06\/WhatsApp-Image-2021-05-19-at-15.07.56-1-600x503.jpeg 600w\" sizes=\"(max-width: 940px) 100vw, 940px\" \/><\/p>\n","protected":false},"excerpt":{"rendered":"<p>El20 de mayo comenzamos a celebrar el A\u00f1o Ignaciano. A 500 a\u00f1os de la herida de Pamplona que transform\u00f3 a Ignacio de Loyola para siempre y dio lugar a la espiritualidad y pedagog\u00eda que vivimos d\u00eda a d\u00eda. \u00a1Queremos invitarlos\/as a participar de las actividades que la Red Apost\u00f3lica Ignaciana ha programado durante este a\u00f1o,&hellip;<\/p>\n","protected":false},"author":1,"featured_media":2342,"comment_status":"closed","ping_status":"closed","sticky":false,"template":"","format":"standard","meta":[],"categories":[4],"tags":[],"_links":{"self":[{"href":"http:\/\/sanignacioconcepcion.cl\/sitio\/wp-json\/wp\/v2\/posts\/2341"}],"collection":[{"href":"http:\/\/sanignacioconcepcion.cl\/sitio\/wp-json\/wp\/v2\/posts"}],"about":[{"href":"http:\/\/sanignacioconcepcion.cl\/sitio\/wp-json\/wp\/v2\/types\/post"}],"author":[{"embeddable":true,"href":"http:\/\/sanignacioconcepcion.cl\/sitio\/wp-json\/wp\/v2\/users\/1"}],"replies":[{"embeddable":true,"href":"http:\/\/sanignacioconcepcion.cl\/sitio\/wp-json\/wp\/v2\/comments?post=2341"}],"version-history":[{"count":2,"href":"http:\/\/sanignacioconcepcion.cl\/sitio\/wp-json\/wp\/v2\/posts\/2341\/revisions"}],"predecessor-version":[{"id":2345,"href":"http:\/\/sanignacioconcepcion.cl\/sitio\/wp-json\/wp\/v2\/posts\/2341\/revisions\/2345"}],"wp:featuredmedia":[{"embeddable":true,"href":"http:\/\/sanignacioconcepcion.cl\/sitio\/wp-json\/wp\/v2\/media\/2342"}],"wp:attachment":[{"href":"http:\/\/sanignacioconcepcion.cl\/sitio\/wp-json\/wp\/v2\/media?parent=2341"}],"wp:term":[{"taxonomy":"category","embeddable":true,"href":"http:\/\/sanignacioconcepcion.cl\/sitio\/wp-json\/wp\/v2\/categories?post=2341"},{"taxonomy":"post_tag","embeddable":true,"href":"http:\/\/sanignacioconcepcion.cl\/sitio\/wp-json\/wp\/v2\/tags?post=2341"}],"curies":[{"name":"wp","href":"https:\/\/api.w.org\/{rel}","templated":true}]}}