{"id":2346,"date":"2021-06-16T23:21:03","date_gmt":"2021-06-16T23:21:03","guid":{"rendered":"http:\/\/sanignacioconcepcion.cl\/sitio\/?p=2346"},"modified":"2021-06-16T23:21:03","modified_gmt":"2021-06-16T23:21:03","slug":"cvx-secundaria-jornada-de-iniciacion-2dos-medios","status":"publish","type":"post","link":"http:\/\/sanignacioconcepcion.cl\/sitio\/cvx-secundaria-jornada-de-iniciacion-2dos-medios\/","title":{"rendered":"CVX Secundaria: Jornada de Iniciaci\u00f3n 2dos Medios"},"content":{"rendered":"<p class=\"p1\">El s\u00e1bado 22 de mayo se realiz\u00f3 la Primera Jornada de iniciaci\u00f3n para los 2dos medios CVX Secundaria.<br \/>\nEn el encuentro, participaron cerca de 27 estudiantes, acompa\u00f1ados por alumnos\/a de 4to medio. Fue una jornada muy grata, donde se trabaj\u00f3 principalmente el pilar comunitario de la CVX.<br \/>\nEsta es una invitaci\u00f3n para que nuestros estudiantes contin\u00faen recolectando buenos momentos y sigan este recorrido nutritivo de la CVX.<\/p>\n","protected":false},"excerpt":{"rendered":"<p>El s\u00e1bado 22 de mayo se realiz\u00f3 la Primera Jornada de iniciaci\u00f3n para los 2dos medios CVX Secundaria. En el encuentro, participaron cerca de 27 estudiantes, acompa\u00f1ados por alumnos\/a de 4to medio. Fue una jornada muy grata, donde se trabaj\u00f3 principalmente el pilar comunitario de la CVX. Esta es una invitaci\u00f3n para que nuestros estudiantes&hellip;<\/p>\n","protected":false},"author":1,"featured_media":2347,"comment_status":"closed","ping_status":"closed","sticky":false,"template":"","format":"standard","meta":[],"categories":[4],"tags":[],"_links":{"self":[{"href":"http:\/\/sanignacioconcepcion.cl\/sitio\/wp-json\/wp\/v2\/posts\/2346"}],"collection":[{"href":"http:\/\/sanignacioconcepcion.cl\/sitio\/wp-json\/wp\/v2\/posts"}],"about":[{"href":"http:\/\/sanignacioconcepcion.cl\/sitio\/wp-json\/wp\/v2\/types\/post"}],"author":[{"embeddable":true,"href":"http:\/\/sanignacioconcepcion.cl\/sitio\/wp-json\/wp\/v2\/users\/1"}],"replies":[{"embeddable":true,"href":"http:\/\/sanignacioconcepcion.cl\/sitio\/wp-json\/wp\/v2\/comments?post=2346"}],"version-history":[{"count":1,"href":"http:\/\/sanignacioconcepcion.cl\/sitio\/wp-json\/wp\/v2\/posts\/2346\/revisions"}],"predecessor-version":[{"id":2348,"href":"http:\/\/sanignacioconcepcion.cl\/sitio\/wp-json\/wp\/v2\/posts\/2346\/revisions\/2348"}],"wp:featuredmedia":[{"embeddable":true,"href":"http:\/\/sanignacioconcepcion.cl\/sitio\/wp-json\/wp\/v2\/media\/2347"}],"wp:attachment":[{"href":"http:\/\/sanignacioconcepcion.cl\/sitio\/wp-json\/wp\/v2\/media?parent=2346"}],"wp:term":[{"taxonomy":"category","embeddable":true,"href":"http:\/\/sanignacioconcepcion.cl\/sitio\/wp-json\/wp\/v2\/categories?post=2346"},{"taxonomy":"post_tag","embeddable":true,"href":"http:\/\/sanignacioconcepcion.cl\/sitio\/wp-json\/wp\/v2\/tags?post=2346"}],"curies":[{"name":"wp","href":"https:\/\/api.w.org\/{rel}","templated":true}]}}