{"id":2353,"date":"2021-06-16T23:39:49","date_gmt":"2021-06-16T23:39:49","guid":{"rendered":"http:\/\/sanignacioconcepcion.cl\/sitio\/?p=2353"},"modified":"2021-06-16T23:39:49","modified_gmt":"2021-06-16T23:39:49","slug":"encuentro-de-familias-nuevas","status":"publish","type":"post","link":"http:\/\/sanignacioconcepcion.cl\/sitio\/encuentro-de-familias-nuevas\/","title":{"rendered":"Encuentro de Familias Nuevas"},"content":{"rendered":"<p class=\"p1\">El 29 de mayo se realiz\u00f3 la Primera Jornada de Formaci\u00f3n Inicial de Familias Nuevas, modalidad online. Dicho encuentro tuvo como objetivo \u201cpresentar la identidad del colegio y la Espiritualidad Ignaciana\u201d, el que estuvo a cargo de nuestra Rectora, Sra. Claudia Messina y el Capell\u00e1n, P. Juan Pablo Moyano SJ y la Encargada de Pastoral Familiar, Sra. Gabriela Benavides.<\/p>\n<p>Durante el encuentro las familias trabajaron en peque\u00f1os grupos abordando diferentes tem\u00e1ticas en torno a \u00e9l\/la alumno\/a ignaciano que queremos formar, y cuales ser\u00e1n los aportes que como familia entregar\u00e1n para la formaci\u00f3n de este alumno\/a. Participaron del encuentro 45 nuevas familias ignacianas, adem\u00e1s de las 11 familias encargadas de grupo. Este, es el primero de cuarto encuentros que se realizar\u00e1n durante el a\u00f1o.<\/p>\n","protected":false},"excerpt":{"rendered":"<p>El 29 de mayo se realiz\u00f3 la Primera Jornada de Formaci\u00f3n Inicial de Familias Nuevas, modalidad online. Dicho encuentro tuvo como objetivo \u201cpresentar la identidad del colegio y la Espiritualidad Ignaciana\u201d, el que estuvo a cargo de nuestra Rectora, Sra. Claudia Messina y el Capell\u00e1n, P. Juan Pablo Moyano SJ y la Encargada de Pastoral&hellip;<\/p>\n","protected":false},"author":1,"featured_media":2354,"comment_status":"closed","ping_status":"closed","sticky":false,"template":"","format":"standard","meta":[],"categories":[4],"tags":[],"_links":{"self":[{"href":"http:\/\/sanignacioconcepcion.cl\/sitio\/wp-json\/wp\/v2\/posts\/2353"}],"collection":[{"href":"http:\/\/sanignacioconcepcion.cl\/sitio\/wp-json\/wp\/v2\/posts"}],"about":[{"href":"http:\/\/sanignacioconcepcion.cl\/sitio\/wp-json\/wp\/v2\/types\/post"}],"author":[{"embeddable":true,"href":"http:\/\/sanignacioconcepcion.cl\/sitio\/wp-json\/wp\/v2\/users\/1"}],"replies":[{"embeddable":true,"href":"http:\/\/sanignacioconcepcion.cl\/sitio\/wp-json\/wp\/v2\/comments?post=2353"}],"version-history":[{"count":1,"href":"http:\/\/sanignacioconcepcion.cl\/sitio\/wp-json\/wp\/v2\/posts\/2353\/revisions"}],"predecessor-version":[{"id":2355,"href":"http:\/\/sanignacioconcepcion.cl\/sitio\/wp-json\/wp\/v2\/posts\/2353\/revisions\/2355"}],"wp:featuredmedia":[{"embeddable":true,"href":"http:\/\/sanignacioconcepcion.cl\/sitio\/wp-json\/wp\/v2\/media\/2354"}],"wp:attachment":[{"href":"http:\/\/sanignacioconcepcion.cl\/sitio\/wp-json\/wp\/v2\/media?parent=2353"}],"wp:term":[{"taxonomy":"category","embeddable":true,"href":"http:\/\/sanignacioconcepcion.cl\/sitio\/wp-json\/wp\/v2\/categories?post=2353"},{"taxonomy":"post_tag","embeddable":true,"href":"http:\/\/sanignacioconcepcion.cl\/sitio\/wp-json\/wp\/v2\/tags?post=2353"}],"curies":[{"name":"wp","href":"https:\/\/api.w.org\/{rel}","templated":true}]}}