{"id":2362,"date":"2021-06-17T00:16:29","date_gmt":"2021-06-17T00:16:29","guid":{"rendered":"http:\/\/sanignacioconcepcion.cl\/sitio\/?p=2362"},"modified":"2021-06-17T00:16:29","modified_gmt":"2021-06-17T00:16:29","slug":"ceremonia-de-confirmacion-ex-alumnos-as-2020","status":"publish","type":"post","link":"http:\/\/sanignacioconcepcion.cl\/sitio\/ceremonia-de-confirmacion-ex-alumnos-as-2020\/","title":{"rendered":"Ceremonia de Confirmaci\u00f3n &#8211; Ex- alumnos\/as 2020"},"content":{"rendered":"<p class=\"p1\">En septiembre del a\u00f1o 2019 se inici\u00f3 el proceso de discernimiento para el Sacramento de la Confirmaci\u00f3n, en ese entonces, de los terceros medios.<\/p>\n<p class=\"p1\">A comienzos del a\u00f1o 2020, el grupo tuvo un primer y \u00fanico encuentro presencial, posteriormente dada la situaci\u00f3n sanitaria producto de la pandemia, los encuentros debieron seguir de manera virtual, finalizando en agosto del mismo a\u00f1o, sin embargo, la ceremonia no se pudo realizar hasta ahora.<span class=\"Apple-converted-space\">\u00a0<\/span><\/p>\n<p class=\"p1\">Los d\u00edas 26, 27 y 28 de mayo, finalmente 42, ahora ex-alumnos\/as, tuvieron su confirmaci\u00f3n presencial en nuestro Colegio.<\/p>\n<p class=\"p1\">Fue una ceremonia \u00edntima, pero muy significativa, los 42 confirmados se dividieron en peque\u00f1os grupos, acompa\u00f1ados s\u00f3lo por su padrino\/madrina, para celebrar este sacramento.<span class=\"Apple-converted-space\">\u00a0<\/span><\/p>\n<p class=\"p1\">Durante todo el proceso, a lo largo de estos a\u00f1os, los ignacianos\/as fueron acompa\u00f1ados por catequistas apoderados del colegio y dos profesoras.<\/p>\n","protected":false},"excerpt":{"rendered":"<p>En septiembre del a\u00f1o 2019 se inici\u00f3 el proceso de discernimiento para el Sacramento de la Confirmaci\u00f3n, en ese entonces, de los terceros medios. A comienzos del a\u00f1o 2020, el grupo tuvo un primer y \u00fanico encuentro presencial, posteriormente dada la situaci\u00f3n sanitaria producto de la pandemia, los encuentros debieron seguir de manera virtual, finalizando&hellip;<\/p>\n","protected":false},"author":1,"featured_media":2363,"comment_status":"closed","ping_status":"closed","sticky":false,"template":"","format":"standard","meta":[],"categories":[4],"tags":[],"_links":{"self":[{"href":"http:\/\/sanignacioconcepcion.cl\/sitio\/wp-json\/wp\/v2\/posts\/2362"}],"collection":[{"href":"http:\/\/sanignacioconcepcion.cl\/sitio\/wp-json\/wp\/v2\/posts"}],"about":[{"href":"http:\/\/sanignacioconcepcion.cl\/sitio\/wp-json\/wp\/v2\/types\/post"}],"author":[{"embeddable":true,"href":"http:\/\/sanignacioconcepcion.cl\/sitio\/wp-json\/wp\/v2\/users\/1"}],"replies":[{"embeddable":true,"href":"http:\/\/sanignacioconcepcion.cl\/sitio\/wp-json\/wp\/v2\/comments?post=2362"}],"version-history":[{"count":1,"href":"http:\/\/sanignacioconcepcion.cl\/sitio\/wp-json\/wp\/v2\/posts\/2362\/revisions"}],"predecessor-version":[{"id":2364,"href":"http:\/\/sanignacioconcepcion.cl\/sitio\/wp-json\/wp\/v2\/posts\/2362\/revisions\/2364"}],"wp:featuredmedia":[{"embeddable":true,"href":"http:\/\/sanignacioconcepcion.cl\/sitio\/wp-json\/wp\/v2\/media\/2363"}],"wp:attachment":[{"href":"http:\/\/sanignacioconcepcion.cl\/sitio\/wp-json\/wp\/v2\/media?parent=2362"}],"wp:term":[{"taxonomy":"category","embeddable":true,"href":"http:\/\/sanignacioconcepcion.cl\/sitio\/wp-json\/wp\/v2\/categories?post=2362"},{"taxonomy":"post_tag","embeddable":true,"href":"http:\/\/sanignacioconcepcion.cl\/sitio\/wp-json\/wp\/v2\/tags?post=2362"}],"curies":[{"name":"wp","href":"https:\/\/api.w.org\/{rel}","templated":true}]}}