{"id":2365,"date":"2021-06-17T00:19:54","date_gmt":"2021-06-17T00:19:54","guid":{"rendered":"http:\/\/sanignacioconcepcion.cl\/sitio\/?p=2365"},"modified":"2021-06-17T00:19:54","modified_gmt":"2021-06-17T00:19:54","slug":"finalmente-nos-hemos-vuelto-a-encontrar","status":"publish","type":"post","link":"http:\/\/sanignacioconcepcion.cl\/sitio\/finalmente-nos-hemos-vuelto-a-encontrar\/","title":{"rendered":"\u00a1Finalmente, nos hemos vuelto a encontrar!"},"content":{"rendered":"<p class=\"p1\">El lunes 7 de junio, fue el reencuentro con nuestros estudiantes de pre-kinder, 3ros, 4tos y 5tos b\u00e1sicos, \u00faltimos niveles en ingresar y a quienes recibimos con mucho entusiasmo y alegr\u00eda.<span class=\"Apple-converted-space\">\u00a0<\/span><\/p>\n<p class=\"p1\">Iniciamos la jornada con una apertura especial en el 4to b\u00e1sico A, guiada por nuestra Rectora, Sra. Claudia Messina y el Capell\u00e1n P. Juan Pablo Moyano SJ, la que fue transmitida online para todo el resto de la comunidad.<\/p>\n<p class=\"p1\">\u00a1Bienvenidos y bienvenidas a todos nuestros estudiantes!<\/p>\n<p>Les recordamos que pueden revisar todos los detalles sobre los grupos, medidas y protocolos, en nuestros sitio web: <a href=\"http:\/\/www.colegiosic.cl\"><span class=\"s1\">www.colegiosic.cl<\/span><\/a> y ante cualquier duda o consulta a: <a href=\"&#109;&#x61;&#x69;l&#116;&#x6f;:&#114;&#x65;&#x74;&#111;&#x72;&#x6e;o&#50;&#x30;2&#49;&#x40;&#x63;&#111;&#x6c;&#x65;g&#105;&#x6f;s&#105;&#x63;&#x2e;&#99;&#x6c;\"><span class=\"s1\">&#x72;&#x65;&#x74;&#x6f;&#x72;&#x6e;&#x6f;&#50;&#48;&#50;&#49;&#64;cole&#x67;&#x69;&#x6f;&#x73;&#x69;&#x63;&#x2e;&#x63;&#108;<\/span><\/a><span class=\"Apple-converted-space\">\u00a0<\/span><\/p>\n","protected":false},"excerpt":{"rendered":"<p>El lunes 7 de junio, fue el reencuentro con nuestros estudiantes de pre-kinder, 3ros, 4tos y 5tos b\u00e1sicos, \u00faltimos niveles en ingresar y a quienes recibimos con mucho entusiasmo y alegr\u00eda.\u00a0 Iniciamos la jornada con una apertura especial en el 4to b\u00e1sico A, guiada por nuestra Rectora, Sra. Claudia Messina y el Capell\u00e1n P. Juan&hellip;<\/p>\n","protected":false},"author":1,"featured_media":2366,"comment_status":"closed","ping_status":"closed","sticky":false,"template":"","format":"standard","meta":[],"categories":[4],"tags":[],"_links":{"self":[{"href":"http:\/\/sanignacioconcepcion.cl\/sitio\/wp-json\/wp\/v2\/posts\/2365"}],"collection":[{"href":"http:\/\/sanignacioconcepcion.cl\/sitio\/wp-json\/wp\/v2\/posts"}],"about":[{"href":"http:\/\/sanignacioconcepcion.cl\/sitio\/wp-json\/wp\/v2\/types\/post"}],"author":[{"embeddable":true,"href":"http:\/\/sanignacioconcepcion.cl\/sitio\/wp-json\/wp\/v2\/users\/1"}],"replies":[{"embeddable":true,"href":"http:\/\/sanignacioconcepcion.cl\/sitio\/wp-json\/wp\/v2\/comments?post=2365"}],"version-history":[{"count":1,"href":"http:\/\/sanignacioconcepcion.cl\/sitio\/wp-json\/wp\/v2\/posts\/2365\/revisions"}],"predecessor-version":[{"id":2367,"href":"http:\/\/sanignacioconcepcion.cl\/sitio\/wp-json\/wp\/v2\/posts\/2365\/revisions\/2367"}],"wp:featuredmedia":[{"embeddable":true,"href":"http:\/\/sanignacioconcepcion.cl\/sitio\/wp-json\/wp\/v2\/media\/2366"}],"wp:attachment":[{"href":"http:\/\/sanignacioconcepcion.cl\/sitio\/wp-json\/wp\/v2\/media?parent=2365"}],"wp:term":[{"taxonomy":"category","embeddable":true,"href":"http:\/\/sanignacioconcepcion.cl\/sitio\/wp-json\/wp\/v2\/categories?post=2365"},{"taxonomy":"post_tag","embeddable":true,"href":"http:\/\/sanignacioconcepcion.cl\/sitio\/wp-json\/wp\/v2\/tags?post=2365"}],"curies":[{"name":"wp","href":"https:\/\/api.w.org\/{rel}","templated":true}]}}